{"id":2182,"date":"2018-01-31T21:09:06","date_gmt":"2018-02-01T00:09:06","guid":{"rendered":"http:\/\/www.formularium.com.br\/inform\/?p=2182"},"modified":"2020-07-26T20:10:22","modified_gmt":"2020-07-26T23:10:22","slug":"associacao-oral-protege-a-pele-contra-os-raios-ultravioletas","status":"publish","type":"post","link":"https:\/\/www.formularium.com.br\/inform\/sedap\/associacao-oral-protege-a-pele-contra-os-raios-ultravioletas\/","title":{"rendered":"Associa\u00e7\u00e3o Oral Protege a Pele Contra os Raios Ultravioletas"},"content":{"rendered":"<div class=\"swpm-post-not-logged-in-msg\">Voc\u00ea precisa fazer login para visualizar este conte\u00fado.Por favor <a class=\"swpm-login-link\" href=\"https:\/\/formularium.com.br\/inform\/membership-login\/?swpm_redirect_to=https%3A%2F%2Fwww.formularium.com.br%2Finform%2Fwp-json%2Fwp%2Fv2%2Fposts%2F2182\">Log In<\/a>. N\u00e3o \u00e9 um membro? <a href=\"https:\/\/formularium.com.br\/inform\/membership-join\/membership-registration\/\">Junte-se a n\u00f3s<\/a><\/div>","protected":false},"excerpt":{"rendered":"<p>A energia emitida pelo Sol \u00e9 transmitida na forma de ondas eletromagn\u00e9ticas, sendo que a radia\u00e7\u00e3o ultravioleta (UV) corresponde a menos de 10% da total incidente no topo da atmosfera.<\/p>\n","protected":false},"author":1,"featured_media":2183,"comment_status":"closed","ping_status":"open","sticky":false,"template":"","format":"standard","meta":{"inline_featured_image":false,"_joinchat":[],"footnotes":""},"categories":[103,85],"tags":[651,77,645,272,861,832,275,56,274,131,276,273,1424,269,1423,270,271],"class_list":["post-2182","post","type-post","status-publish","format-standard","has-post-thumbnail","hentry","category-dermatologia","category-sedap","tag-cuidado","tag-dermatologia","tag-filtro-solar","tag-fotoprotecao","tag-green-tea","tag-luteina","tag-luz-de-led","tag-pele","tag-poluicao-da-pele","tag-protecao-solar","tag-radiacao","tag-radiacao-ultravioleta","tag-radiacao-uva-e-uvb","tag-raios-ultravioletas","tag-super-omega","tag-uva","tag-uvb"],"aioseo_notices":[],"aioseo_head":"\n\t\t<!-- All in One SEO 4.9.10 - aioseo.com -->\n\t<meta name=\"description\" content=\"Associa\u00e7\u00e3o Oral Protege a Pele Contra os Raios Ultravioletas. Op\u00e7\u00e3o Segura e Eficaz para Complementar a Fotoprote\u00e7\u00e3o\" \/>\n\t<meta name=\"robots\" content=\"max-image-preview:large\" \/>\n\t<meta name=\"author\" content=\"admin\"\/>\n\t<meta name=\"google-site-verification\" content=\"Zyo5oNy6UywuyfsRVUowfYJfRGYFaIU5dV7dEiliV0\" \/>\n\t<meta name=\"keywords\" content=\"raios ultravioletas,uva,uvb,fotoprote\u00e7\u00e3o,radia\u00e7\u00e3o ultravioleta,polui\u00e7\u00e3o da pele,luz de led,radia\u00e7\u00e3o,cuidado,dermatologia,filtro solar,green tea,lute\u00edna,pele,prote\u00e7\u00e3o solar,radia\u00e7\u00e3o uva e uvb,super \u00f4mega\" \/>\n\t<link rel=\"canonical\" href=\"https:\/\/www.formularium.com.br\/inform\/sedap\/associacao-oral-protege-a-pele-contra-os-raios-ultravioletas\/\" \/>\n\t<meta name=\"generator\" content=\"All in One SEO (AIOSEO) 4.9.10\" \/>\n\t\t<meta property=\"og:locale\" content=\"pt_BR\" \/>\n\t\t<meta property=\"og:site_name\" content=\"Blog Pharm\u00e1cia de Manipula\u00e7\u00e3o Formularium | Blog Pharm\u00e1cia de Manipula\u00e7\u00e3o Formularium\" \/>\n\t\t<meta property=\"og:type\" content=\"article\" \/>\n\t\t<meta property=\"og:title\" content=\"Associa\u00e7\u00e3o Oral Protege a Pele Contra os Raios Ultravioletas | Formularium\" \/>\n\t\t<meta property=\"og:description\" content=\"Associa\u00e7\u00e3o Oral Protege a Pele Contra os Raios Ultravioletas. Op\u00e7\u00e3o Segura e Eficaz para Complementar a Fotoprote\u00e7\u00e3o\" \/>\n\t\t<meta property=\"og:url\" content=\"https:\/\/www.formularium.com.br\/inform\/sedap\/associacao-oral-protege-a-pele-contra-os-raios-ultravioletas\/\" \/>\n\t\t<meta property=\"article:published_time\" content=\"2018-02-01T00:09:06+00:00\" \/>\n\t\t<meta property=\"article:modified_time\" content=\"2020-07-26T23:10:22+00:00\" \/>\n\t\t<meta name=\"twitter:card\" content=\"summary\" \/>\n\t\t<meta name=\"twitter:title\" content=\"Associa\u00e7\u00e3o Oral Protege a Pele Contra os Raios Ultravioletas | Formularium\" \/>\n\t\t<meta name=\"twitter:description\" content=\"Associa\u00e7\u00e3o Oral Protege a Pele Contra os Raios Ultravioletas. Op\u00e7\u00e3o Segura e Eficaz para Complementar a Fotoprote\u00e7\u00e3o\" \/>\n\t\t<script type=\"application\/ld+json\" class=\"aioseo-schema\">\n\t\t\t{\"@context\":\"https:\\\/\\\/schema.org\",\"@graph\":[{\"@type\":\"Article\",\"@id\":\"https:\\\/\\\/www.formularium.com.br\\\/inform\\\/sedap\\\/associacao-oral-protege-a-pele-contra-os-raios-ultravioletas\\\/#article\",\"name\":\"Associa\\u00e7\\u00e3o Oral Protege a Pele Contra os Raios Ultravioletas | Formularium\",\"headline\":\"Associa\\u00e7\\u00e3o Oral Protege a Pele Contra os Raios Ultravioletas\",\"author\":{\"@id\":\"https:\\\/\\\/www.formularium.com.br\\\/inform\\\/author\\\/admin\\\/#author\"},\"publisher\":{\"@id\":\"https:\\\/\\\/www.formularium.com.br\\\/inform\\\/#organization\"},\"image\":{\"@type\":\"ImageObject\",\"url\":\"https:\\\/\\\/www.formularium.com.br\\\/inform\\\/wp-content\\\/uploads\\\/2018\\\/01\\\/raio-ultra-violeta-01.jpg\",\"width\":531,\"height\":218},\"datePublished\":\"2018-01-31T21:09:06-03:00\",\"dateModified\":\"2020-07-26T20:10:22-03:00\",\"inLanguage\":\"pt-BR\",\"mainEntityOfPage\":{\"@id\":\"https:\\\/\\\/www.formularium.com.br\\\/inform\\\/sedap\\\/associacao-oral-protege-a-pele-contra-os-raios-ultravioletas\\\/#webpage\"},\"isPartOf\":{\"@id\":\"https:\\\/\\\/www.formularium.com.br\\\/inform\\\/sedap\\\/associacao-oral-protege-a-pele-contra-os-raios-ultravioletas\\\/#webpage\"},\"articleSection\":\"Dermatologia, SEDAP, Cuidado, Dermatologia, Filtro Solar, Fotoprote\\u00e7\\u00e3o, Green Tea, Lute\\u00edna, Luz de Led, Pele, Polui\\u00e7\\u00e3o da Pele, Prote\\u00e7\\u00e3o Solar, Radia\\u00e7\\u00e3o, Radia\\u00e7\\u00e3o Ultravioleta, Radia\\u00e7\\u00e3o UVA e UVB, Raios Ultravioletas, Super \\u00d4mega, UVA, UVB\"},{\"@type\":\"BreadcrumbList\",\"@id\":\"https:\\\/\\\/www.formularium.com.br\\\/inform\\\/sedap\\\/associacao-oral-protege-a-pele-contra-os-raios-ultravioletas\\\/#breadcrumblist\",\"itemListElement\":[{\"@type\":\"ListItem\",\"@id\":\"https:\\\/\\\/www.formularium.com.br\\\/inform#listItem\",\"position\":1,\"name\":\"Home\",\"item\":\"https:\\\/\\\/www.formularium.com.br\\\/inform\",\"nextItem\":{\"@type\":\"ListItem\",\"@id\":\"https:\\\/\\\/www.formularium.com.br\\\/inform\\\/categoria\\\/sedap\\\/#listItem\",\"name\":\"SEDAP\"}},{\"@type\":\"ListItem\",\"@id\":\"https:\\\/\\\/www.formularium.com.br\\\/inform\\\/categoria\\\/sedap\\\/#listItem\",\"position\":2,\"name\":\"SEDAP\",\"item\":\"https:\\\/\\\/www.formularium.com.br\\\/inform\\\/categoria\\\/sedap\\\/\",\"nextItem\":{\"@type\":\"ListItem\",\"@id\":\"https:\\\/\\\/www.formularium.com.br\\\/inform\\\/categoria\\\/sedap\\\/dermatologia\\\/#listItem\",\"name\":\"Dermatologia\"},\"previousItem\":{\"@type\":\"ListItem\",\"@id\":\"https:\\\/\\\/www.formularium.com.br\\\/inform#listItem\",\"name\":\"Home\"}},{\"@type\":\"ListItem\",\"@id\":\"https:\\\/\\\/www.formularium.com.br\\\/inform\\\/categoria\\\/sedap\\\/dermatologia\\\/#listItem\",\"position\":3,\"name\":\"Dermatologia\",\"item\":\"https:\\\/\\\/www.formularium.com.br\\\/inform\\\/categoria\\\/sedap\\\/dermatologia\\\/\",\"nextItem\":{\"@type\":\"ListItem\",\"@id\":\"https:\\\/\\\/www.formularium.com.br\\\/inform\\\/sedap\\\/associacao-oral-protege-a-pele-contra-os-raios-ultravioletas\\\/#listItem\",\"name\":\"Associa\\u00e7\\u00e3o Oral Protege a Pele Contra os Raios Ultravioletas\"},\"previousItem\":{\"@type\":\"ListItem\",\"@id\":\"https:\\\/\\\/www.formularium.com.br\\\/inform\\\/categoria\\\/sedap\\\/#listItem\",\"name\":\"SEDAP\"}},{\"@type\":\"ListItem\",\"@id\":\"https:\\\/\\\/www.formularium.com.br\\\/inform\\\/sedap\\\/associacao-oral-protege-a-pele-contra-os-raios-ultravioletas\\\/#listItem\",\"position\":4,\"name\":\"Associa\\u00e7\\u00e3o Oral Protege a Pele Contra os Raios Ultravioletas\",\"previousItem\":{\"@type\":\"ListItem\",\"@id\":\"https:\\\/\\\/www.formularium.com.br\\\/inform\\\/categoria\\\/sedap\\\/dermatologia\\\/#listItem\",\"name\":\"Dermatologia\"}}]},{\"@type\":\"Organization\",\"@id\":\"https:\\\/\\\/www.formularium.com.br\\\/inform\\\/#organization\",\"name\":\"Pharm\\u00e1cia de Manipula\\u00e7\\u00e3o Formularium\",\"description\":\"Blog Pharm\\u00e1cia de Manipula\\u00e7\\u00e3o Formularium\",\"url\":\"https:\\\/\\\/www.formularium.com.br\\\/inform\\\/\",\"telephone\":\"+551138194490\",\"logo\":{\"@type\":\"ImageObject\",\"url\":\"https:\\\/\\\/www.formularium.com.br\\\/inform\\\/wp-content\\\/uploads\\\/2013\\\/11\\\/logo@2x.png\",\"@id\":\"https:\\\/\\\/www.formularium.com.br\\\/inform\\\/sedap\\\/associacao-oral-protege-a-pele-contra-os-raios-ultravioletas\\\/#organizationLogo\",\"width\":414,\"height\":140,\"caption\":\"Formularium\"},\"image\":{\"@id\":\"https:\\\/\\\/www.formularium.com.br\\\/inform\\\/sedap\\\/associacao-oral-protege-a-pele-contra-os-raios-ultravioletas\\\/#organizationLogo\"}},{\"@type\":\"Person\",\"@id\":\"https:\\\/\\\/www.formularium.com.br\\\/inform\\\/author\\\/admin\\\/#author\",\"url\":\"https:\\\/\\\/www.formularium.com.br\\\/inform\\\/author\\\/admin\\\/\",\"name\":\"admin\"},{\"@type\":\"WebPage\",\"@id\":\"https:\\\/\\\/www.formularium.com.br\\\/inform\\\/sedap\\\/associacao-oral-protege-a-pele-contra-os-raios-ultravioletas\\\/#webpage\",\"url\":\"https:\\\/\\\/www.formularium.com.br\\\/inform\\\/sedap\\\/associacao-oral-protege-a-pele-contra-os-raios-ultravioletas\\\/\",\"name\":\"Associa\\u00e7\\u00e3o Oral Protege a Pele Contra os Raios Ultravioletas | Formularium\",\"description\":\"Associa\\u00e7\\u00e3o Oral Protege a Pele Contra os Raios Ultravioletas. Op\\u00e7\\u00e3o Segura e Eficaz para Complementar a Fotoprote\\u00e7\\u00e3o\",\"inLanguage\":\"pt-BR\",\"isPartOf\":{\"@id\":\"https:\\\/\\\/www.formularium.com.br\\\/inform\\\/#website\"},\"breadcrumb\":{\"@id\":\"https:\\\/\\\/www.formularium.com.br\\\/inform\\\/sedap\\\/associacao-oral-protege-a-pele-contra-os-raios-ultravioletas\\\/#breadcrumblist\"},\"author\":{\"@id\":\"https:\\\/\\\/www.formularium.com.br\\\/inform\\\/author\\\/admin\\\/#author\"},\"creator\":{\"@id\":\"https:\\\/\\\/www.formularium.com.br\\\/inform\\\/author\\\/admin\\\/#author\"},\"image\":{\"@type\":\"ImageObject\",\"url\":\"https:\\\/\\\/www.formularium.com.br\\\/inform\\\/wp-content\\\/uploads\\\/2018\\\/01\\\/raio-ultra-violeta-01.jpg\",\"@id\":\"https:\\\/\\\/www.formularium.com.br\\\/inform\\\/sedap\\\/associacao-oral-protege-a-pele-contra-os-raios-ultravioletas\\\/#mainImage\",\"width\":531,\"height\":218},\"primaryImageOfPage\":{\"@id\":\"https:\\\/\\\/www.formularium.com.br\\\/inform\\\/sedap\\\/associacao-oral-protege-a-pele-contra-os-raios-ultravioletas\\\/#mainImage\"},\"datePublished\":\"2018-01-31T21:09:06-03:00\",\"dateModified\":\"2020-07-26T20:10:22-03:00\"},{\"@type\":\"WebSite\",\"@id\":\"https:\\\/\\\/www.formularium.com.br\\\/inform\\\/#website\",\"url\":\"https:\\\/\\\/www.formularium.com.br\\\/inform\\\/\",\"name\":\"Blog Pharm\\u00e1cia de Manipula\\u00e7\\u00e3o Formularium\",\"alternateName\":\"Formularium\",\"description\":\"Blog Pharm\\u00e1cia de Manipula\\u00e7\\u00e3o Formularium\",\"inLanguage\":\"pt-BR\",\"publisher\":{\"@id\":\"https:\\\/\\\/www.formularium.com.br\\\/inform\\\/#organization\"}}]}\n\t\t<\/script>\n\t\t<!-- All in One SEO -->\n\n","aioseo_head_json":{"title":"Associa\u00e7\u00e3o Oral Protege a Pele Contra os Raios Ultravioletas | Formularium","description":"Associa\u00e7\u00e3o Oral Protege a Pele Contra os Raios Ultravioletas. Op\u00e7\u00e3o Segura e Eficaz para Complementar a Fotoprote\u00e7\u00e3o","canonical_url":"https:\/\/www.formularium.com.br\/inform\/sedap\/associacao-oral-protege-a-pele-contra-os-raios-ultravioletas\/","robots":"max-image-preview:large","keywords":"raios ultravioletas,uva,uvb,fotoprote\u00e7\u00e3o,radia\u00e7\u00e3o ultravioleta,polui\u00e7\u00e3o da pele,luz de led,radia\u00e7\u00e3o,cuidado,dermatologia,filtro solar,green tea,lute\u00edna,pele,prote\u00e7\u00e3o solar,radia\u00e7\u00e3o uva e uvb,super \u00f4mega","webmasterTools":{"google-site-verification":"Zyo5oNy6UywuyfsRVUowfYJfRGYFaIU5dV7dEiliV0","miscellaneous":""},"schema":{"@context":"https:\/\/schema.org","@graph":[{"@type":"Article","@id":"https:\/\/www.formularium.com.br\/inform\/sedap\/associacao-oral-protege-a-pele-contra-os-raios-ultravioletas\/#article","name":"Associa\u00e7\u00e3o Oral Protege a Pele Contra os Raios Ultravioletas | Formularium","headline":"Associa\u00e7\u00e3o Oral Protege a Pele Contra os Raios Ultravioletas","author":{"@id":"https:\/\/www.formularium.com.br\/inform\/author\/admin\/#author"},"publisher":{"@id":"https:\/\/www.formularium.com.br\/inform\/#organization"},"image":{"@type":"ImageObject","url":"https:\/\/www.formularium.com.br\/inform\/wp-content\/uploads\/2018\/01\/raio-ultra-violeta-01.jpg","width":531,"height":218},"datePublished":"2018-01-31T21:09:06-03:00","dateModified":"2020-07-26T20:10:22-03:00","inLanguage":"pt-BR","mainEntityOfPage":{"@id":"https:\/\/www.formularium.com.br\/inform\/sedap\/associacao-oral-protege-a-pele-contra-os-raios-ultravioletas\/#webpage"},"isPartOf":{"@id":"https:\/\/www.formularium.com.br\/inform\/sedap\/associacao-oral-protege-a-pele-contra-os-raios-ultravioletas\/#webpage"},"articleSection":"Dermatologia, SEDAP, Cuidado, Dermatologia, Filtro Solar, Fotoprote\u00e7\u00e3o, Green Tea, Lute\u00edna, Luz de Led, Pele, Polui\u00e7\u00e3o da Pele, Prote\u00e7\u00e3o Solar, Radia\u00e7\u00e3o, Radia\u00e7\u00e3o Ultravioleta, Radia\u00e7\u00e3o UVA e UVB, Raios Ultravioletas, Super \u00d4mega, UVA, UVB"},{"@type":"BreadcrumbList","@id":"https:\/\/www.formularium.com.br\/inform\/sedap\/associacao-oral-protege-a-pele-contra-os-raios-ultravioletas\/#breadcrumblist","itemListElement":[{"@type":"ListItem","@id":"https:\/\/www.formularium.com.br\/inform#listItem","position":1,"name":"Home","item":"https:\/\/www.formularium.com.br\/inform","nextItem":{"@type":"ListItem","@id":"https:\/\/www.formularium.com.br\/inform\/categoria\/sedap\/#listItem","name":"SEDAP"}},{"@type":"ListItem","@id":"https:\/\/www.formularium.com.br\/inform\/categoria\/sedap\/#listItem","position":2,"name":"SEDAP","item":"https:\/\/www.formularium.com.br\/inform\/categoria\/sedap\/","nextItem":{"@type":"ListItem","@id":"https:\/\/www.formularium.com.br\/inform\/categoria\/sedap\/dermatologia\/#listItem","name":"Dermatologia"},"previousItem":{"@type":"ListItem","@id":"https:\/\/www.formularium.com.br\/inform#listItem","name":"Home"}},{"@type":"ListItem","@id":"https:\/\/www.formularium.com.br\/inform\/categoria\/sedap\/dermatologia\/#listItem","position":3,"name":"Dermatologia","item":"https:\/\/www.formularium.com.br\/inform\/categoria\/sedap\/dermatologia\/","nextItem":{"@type":"ListItem","@id":"https:\/\/www.formularium.com.br\/inform\/sedap\/associacao-oral-protege-a-pele-contra-os-raios-ultravioletas\/#listItem","name":"Associa\u00e7\u00e3o Oral Protege a Pele Contra os Raios Ultravioletas"},"previousItem":{"@type":"ListItem","@id":"https:\/\/www.formularium.com.br\/inform\/categoria\/sedap\/#listItem","name":"SEDAP"}},{"@type":"ListItem","@id":"https:\/\/www.formularium.com.br\/inform\/sedap\/associacao-oral-protege-a-pele-contra-os-raios-ultravioletas\/#listItem","position":4,"name":"Associa\u00e7\u00e3o Oral Protege a Pele Contra os Raios Ultravioletas","previousItem":{"@type":"ListItem","@id":"https:\/\/www.formularium.com.br\/inform\/categoria\/sedap\/dermatologia\/#listItem","name":"Dermatologia"}}]},{"@type":"Organization","@id":"https:\/\/www.formularium.com.br\/inform\/#organization","name":"Pharm\u00e1cia de Manipula\u00e7\u00e3o Formularium","description":"Blog Pharm\u00e1cia de Manipula\u00e7\u00e3o Formularium","url":"https:\/\/www.formularium.com.br\/inform\/","telephone":"+551138194490","logo":{"@type":"ImageObject","url":"https:\/\/www.formularium.com.br\/inform\/wp-content\/uploads\/2013\/11\/logo@2x.png","@id":"https:\/\/www.formularium.com.br\/inform\/sedap\/associacao-oral-protege-a-pele-contra-os-raios-ultravioletas\/#organizationLogo","width":414,"height":140,"caption":"Formularium"},"image":{"@id":"https:\/\/www.formularium.com.br\/inform\/sedap\/associacao-oral-protege-a-pele-contra-os-raios-ultravioletas\/#organizationLogo"}},{"@type":"Person","@id":"https:\/\/www.formularium.com.br\/inform\/author\/admin\/#author","url":"https:\/\/www.formularium.com.br\/inform\/author\/admin\/","name":"admin"},{"@type":"WebPage","@id":"https:\/\/www.formularium.com.br\/inform\/sedap\/associacao-oral-protege-a-pele-contra-os-raios-ultravioletas\/#webpage","url":"https:\/\/www.formularium.com.br\/inform\/sedap\/associacao-oral-protege-a-pele-contra-os-raios-ultravioletas\/","name":"Associa\u00e7\u00e3o Oral Protege a Pele Contra os Raios Ultravioletas | Formularium","description":"Associa\u00e7\u00e3o Oral Protege a Pele Contra os Raios Ultravioletas. Op\u00e7\u00e3o Segura e Eficaz para Complementar a Fotoprote\u00e7\u00e3o","inLanguage":"pt-BR","isPartOf":{"@id":"https:\/\/www.formularium.com.br\/inform\/#website"},"breadcrumb":{"@id":"https:\/\/www.formularium.com.br\/inform\/sedap\/associacao-oral-protege-a-pele-contra-os-raios-ultravioletas\/#breadcrumblist"},"author":{"@id":"https:\/\/www.formularium.com.br\/inform\/author\/admin\/#author"},"creator":{"@id":"https:\/\/www.formularium.com.br\/inform\/author\/admin\/#author"},"image":{"@type":"ImageObject","url":"https:\/\/www.formularium.com.br\/inform\/wp-content\/uploads\/2018\/01\/raio-ultra-violeta-01.jpg","@id":"https:\/\/www.formularium.com.br\/inform\/sedap\/associacao-oral-protege-a-pele-contra-os-raios-ultravioletas\/#mainImage","width":531,"height":218},"primaryImageOfPage":{"@id":"https:\/\/www.formularium.com.br\/inform\/sedap\/associacao-oral-protege-a-pele-contra-os-raios-ultravioletas\/#mainImage"},"datePublished":"2018-01-31T21:09:06-03:00","dateModified":"2020-07-26T20:10:22-03:00"},{"@type":"WebSite","@id":"https:\/\/www.formularium.com.br\/inform\/#website","url":"https:\/\/www.formularium.com.br\/inform\/","name":"Blog Pharm\u00e1cia de Manipula\u00e7\u00e3o Formularium","alternateName":"Formularium","description":"Blog Pharm\u00e1cia de Manipula\u00e7\u00e3o Formularium","inLanguage":"pt-BR","publisher":{"@id":"https:\/\/www.formularium.com.br\/inform\/#organization"}}]},"og:locale":"pt_BR","og:site_name":"Blog Pharm\u00e1cia de Manipula\u00e7\u00e3o Formularium | Blog Pharm\u00e1cia de Manipula\u00e7\u00e3o Formularium","og:type":"article","og:title":"Associa\u00e7\u00e3o Oral Protege a Pele Contra os Raios Ultravioletas | Formularium","og:description":"Associa\u00e7\u00e3o Oral Protege a Pele Contra os Raios Ultravioletas. Op\u00e7\u00e3o Segura e Eficaz para Complementar a Fotoprote\u00e7\u00e3o","og:url":"https:\/\/www.formularium.com.br\/inform\/sedap\/associacao-oral-protege-a-pele-contra-os-raios-ultravioletas\/","article:published_time":"2018-02-01T00:09:06+00:00","article:modified_time":"2020-07-26T23:10:22+00:00","twitter:card":"summary","twitter:title":"Associa\u00e7\u00e3o Oral Protege a Pele Contra os Raios Ultravioletas | Formularium","twitter:description":"Associa\u00e7\u00e3o Oral Protege a Pele Contra os Raios Ultravioletas. Op\u00e7\u00e3o Segura e Eficaz para Complementar a Fotoprote\u00e7\u00e3o"},"aioseo_meta_data":{"post_id":"2182","title":"Associa\u00e7\u00e3o Oral Protege a Pele Contra os Raios Ultravioletas | Formularium","description":"Associa\u00e7\u00e3o Oral Protege a Pele Contra os Raios Ultravioletas. Op\u00e7\u00e3o Segura e Eficaz para Complementar a Fotoprote\u00e7\u00e3o","keywords":[{"label":"Raios Ultravioletas","value":"Raios Ultravioletas"},{"label":"UVA","value":"UVA"},{"label":"UVB","value":"UVB"},{"label":"Fotoprote\u00e7\u00e3o","value":"Fotoprote\u00e7\u00e3o"},{"label":"Radia\u00e7\u00e3o Ultravioleta","value":"Radia\u00e7\u00e3o Ultravioleta"},{"label":"Polui\u00e7\u00e3o da Pele","value":"Polui\u00e7\u00e3o da Pele"},{"label":"Luz de Led","value":"Luz de Led"},{"label":"Radia\u00e7\u00e3o","value":"Radia\u00e7\u00e3o"}],"keyphrases":null,"primary_term":null,"canonical_url":"","og_title":null,"og_description":null,"og_object_type":"default","og_image_type":"default","og_image_url":null,"og_image_width":null,"og_image_height":null,"og_image_custom_url":null,"og_image_custom_fields":null,"og_video":null,"og_custom_url":null,"og_article_section":null,"og_article_tags":null,"twitter_use_og":false,"twitter_card":"default","twitter_image_type":"default","twitter_image_url":null,"twitter_image_custom_url":null,"twitter_image_custom_fields":null,"twitter_title":null,"twitter_description":null,"schema":{"blockGraphs":[],"customGraphs":[],"default":{"data":{"Article":[],"Course":[],"Dataset":[],"FAQPage":[],"Movie":[],"Person":[],"Product":[],"ProductReview":[],"Car":[],"Recipe":[],"Service":[],"SoftwareApplication":[],"WebPage":[]},"graphName":"","isEnabled":true},"graphs":[]},"schema_type":null,"schema_type_options":null,"pillar_content":false,"robots_default":true,"robots_noindex":false,"robots_noarchive":false,"robots_nosnippet":false,"robots_nofollow":false,"robots_noimageindex":false,"robots_noodp":false,"robots_notranslate":false,"robots_max_snippet":null,"robots_max_videopreview":null,"robots_max_imagepreview":"large","priority":null,"frequency":null,"location":null,"local_seo":null,"breadcrumb_settings":null,"limit_modified_date":false,"ai":null,"created":"2020-12-21 12:38:40","updated":"2025-06-11 20:34:03","seo_analyzer_scan_date":null},"_links":{"self":[{"href":"https:\/\/www.formularium.com.br\/inform\/wp-json\/wp\/v2\/posts\/2182","targetHints":{"allow":["GET"]}}],"collection":[{"href":"https:\/\/www.formularium.com.br\/inform\/wp-json\/wp\/v2\/posts"}],"about":[{"href":"https:\/\/www.formularium.com.br\/inform\/wp-json\/wp\/v2\/types\/post"}],"author":[{"embeddable":true,"href":"https:\/\/www.formularium.com.br\/inform\/wp-json\/wp\/v2\/users\/1"}],"replies":[{"embeddable":true,"href":"https:\/\/www.formularium.com.br\/inform\/wp-json\/wp\/v2\/comments?post=2182"}],"version-history":[{"count":0,"href":"https:\/\/www.formularium.com.br\/inform\/wp-json\/wp\/v2\/posts\/2182\/revisions"}],"wp:featuredmedia":[{"embeddable":true,"href":"https:\/\/www.formularium.com.br\/inform\/wp-json\/wp\/v2\/media\/2183"}],"wp:attachment":[{"href":"https:\/\/www.formularium.com.br\/inform\/wp-json\/wp\/v2\/media?parent=2182"}],"wp:term":[{"taxonomy":"category","embeddable":true,"href":"https:\/\/www.formularium.com.br\/inform\/wp-json\/wp\/v2\/categories?post=2182"},{"taxonomy":"post_tag","embeddable":true,"href":"https:\/\/www.formularium.com.br\/inform\/wp-json\/wp\/v2\/tags?post=2182"}],"curies":[{"name":"wp","href":"https:\/\/api.w.org\/{rel}","templated":true}]}}