{"id":17211,"date":"2021-05-12T16:09:28","date_gmt":"2021-05-12T19:09:28","guid":{"rendered":"https:\/\/www.formularium.com.br\/inform\/?p=17211"},"modified":"2021-06-07T15:20:20","modified_gmt":"2021-06-07T18:20:20","slug":"compostos-bioativos-nos-parametros-da-pele","status":"publish","type":"post","link":"https:\/\/www.formularium.com.br\/inform\/profissionais-da-saude\/compostos-bioativos-nos-parametros-da-pele\/","title":{"rendered":"Compostos bioativos nos par\u00e2metros da pele"},"content":{"rendered":"<div class=\"fusion-fullwidth fullwidth-box fusion-builder-row-1 fusion-flex-container nonhundred-percent-fullwidth non-hundred-percent-height-scrolling\" style=\"--awb-border-radius-top-left:0px;--awb-border-radius-top-right:0px;--awb-border-radius-bottom-right:0px;--awb-border-radius-bottom-left:0px;--awb-flex-wrap:wrap;\" ><div class=\"fusion-builder-row fusion-row fusion-flex-align-items-flex-start fusion-flex-content-wrap\" style=\"max-width:1144px;margin-left: calc(-4% \/ 2 );margin-right: calc(-4% \/ 2 );\"><div class=\"fusion-layout-column fusion_builder_column fusion-builder-column-0 fusion_builder_column_1_1 1_1 fusion-flex-column\" style=\"--awb-bg-size:cover;--awb-width-large:100%;--awb-margin-top-large:0px;--awb-spacing-right-large:1.92%;--awb-margin-bottom-large:0px;--awb-spacing-left-large:1.92%;--awb-width-medium:100%;--awb-spacing-right-medium:1.92%;--awb-spacing-left-medium:1.92%;--awb-width-small:100%;--awb-spacing-right-small:1.92%;--awb-spacing-left-small:1.92%;\"><div class=\"fusion-column-wrapper fusion-flex-justify-content-flex-start fusion-content-layout-column\"><div class=\"fusion-title title fusion-title-1 fusion-title-text fusion-title-size-one\" style=\"--awb-margin-top-small:0px;--awb-margin-right-small:0px;--awb-margin-bottom-small:20px;--awb-margin-left-small:0px;\"><div class=\"title-sep-container title-sep-container-left fusion-no-large-visibility fusion-no-medium-visibility fusion-no-small-visibility\"><div class=\"title-sep sep-single sep-solid\" style=\"border-color:#e0dede;\"><\/div><\/div><span class=\"awb-title-spacer fusion-no-large-visibility fusion-no-medium-visibility fusion-no-small-visibility\"><\/span><h1 class=\"fusion-title-heading title-heading-left fusion-responsive-typography-calculated\" style=\"margin:0;--fontSize:33;line-height:1.45;\"><h2>Nutrientes na Pele<\/h2><\/h1><span class=\"awb-title-spacer\"><\/span><div class=\"title-sep-container title-sep-container-right\"><div class=\"title-sep sep-single sep-solid\" style=\"border-color:#e0dede;\"><\/div><\/div><\/div><div class=\"fusion-title title fusion-title-2 fusion-title-text fusion-title-size-one\" style=\"--awb-margin-top-small:0px;--awb-margin-right-small:0px;--awb-margin-bottom-small:20px;--awb-margin-left-small:0px;\"><div class=\"title-sep-container title-sep-container-left fusion-no-large-visibility fusion-no-medium-visibility fusion-no-small-visibility\"><div class=\"title-sep sep-single sep-solid\" style=\"border-color:#e0dede;\"><\/div><\/div><span class=\"awb-title-spacer fusion-no-large-visibility fusion-no-medium-visibility fusion-no-small-visibility\"><\/span><h1 class=\"fusion-title-heading title-heading-left fusion-responsive-typography-calculated\" style=\"margin:0;--fontSize:33;line-height:1.45;\"><h3>Op\u00e7\u00f5es T\u00f3picas e Orais no Envelhecimento<\/h3><\/h1><span class=\"awb-title-spacer\"><\/span><div class=\"title-sep-container title-sep-container-right\"><div class=\"title-sep sep-single sep-solid\" style=\"border-color:#e0dede;\"><\/div><\/div><\/div><div class=\"fusion-text fusion-text-1\"><p align=\"JUSTIFY\"><span style=\"color: #404040;\"><span style=\"font-family: Swis721 Th BT, serif;\"><span style=\"font-size: medium;\">Este estudo de revis\u00e3o teve como objetivo avaliar os efeitos de subst\u00e2ncias bioativas, ou seja, vitaminas, \u00e1cidos graxos, polifen\u00f3is e caroten\u00f3ides nos par\u00e2metros da pele, como elasticidade, firmeza, rugas, ressecamento senil, hidrata\u00e7\u00e3o e cor, e para definir seu papel no processo de envelhecimento da pele.<\/span><\/span><\/span><\/p>\n<\/div><div class=\"fusion-title title fusion-title-3 fusion-title-text fusion-title-size-one\" style=\"--awb-margin-top-small:0px;--awb-margin-right-small:0px;--awb-margin-bottom-small:20px;--awb-margin-left-small:0px;\"><div class=\"title-sep-container title-sep-container-left fusion-no-large-visibility fusion-no-medium-visibility fusion-no-small-visibility\"><div class=\"title-sep sep-single sep-solid\" style=\"border-color:#e0dede;\"><\/div><\/div><span class=\"awb-title-spacer fusion-no-large-visibility fusion-no-medium-visibility fusion-no-small-visibility\"><\/span><h1 class=\"fusion-title-heading title-heading-left fusion-responsive-typography-calculated\" style=\"margin:0;--fontSize:33;line-height:1.45;\"><h4>T\u00f3picos<\/h4><\/h1><span class=\"awb-title-spacer\"><\/span><div class=\"title-sep-container title-sep-container-right\"><div class=\"title-sep sep-single sep-solid\" style=\"border-color:#e0dede;\"><\/div><\/div><\/div>\n<div class=\"table-1\">\n<table width=\"100%\">\n<thead>\n<tr>\n<th align=\"left\">VITAMINA A<\/th>\n<th align=\"left\">Ap\u00f3s penetrar na epiderme, os retin\u00f3ides atuam na libera\u00e7\u00e3o de fatores de transcri\u00e7\u00e3o e crescimento;<\/p>\n<p>S\u00e3o respons\u00e1veis pela renova\u00e7\u00e3o da epiderme por meio de seu papel ativo na esfolia\u00e7\u00e3o das c\u00e9lulas mortas no estrato c\u00f3rneo e na prolifera\u00e7\u00e3o de c\u00e9lulas vivas nas camadas epid\u00e9rmicas. Al\u00e9m disso, a vitamina A promove a compacta\u00e7\u00e3o do estrato c\u00f3rneo e deposi\u00e7\u00e3o de GAGs no estrato c\u00f3rneo e espa\u00e7os intercelulares na epiderme.<\/th>\n<\/tr>\n<\/thead>\n<tbody>\n<tr>\n<td align=\"left\"><\/td>\n<td align=\"left\">\n<div class=\"table-1\">De acordo com um estudo, uma formula\u00e7\u00e3o de retinol 0,04% melhorou as propriedades f\u00edsicas do envelhecimento da pele facial, incluindo propriedades de tra\u00e7\u00e3o e contornos, ap\u00f3s 12 semanas de tratamento.<\/div>\n<\/td>\n<\/tr>\n<\/tbody>\n<\/table>\n<\/div>\n<div class=\"fusion-title title fusion-title-4 fusion-title-text fusion-title-size-one\" style=\"--awb-margin-top:20px;--awb-margin-top-small:0px;--awb-margin-right-small:0px;--awb-margin-bottom-small:20px;--awb-margin-left-small:0px;\"><div class=\"title-sep-container title-sep-container-left fusion-no-large-visibility fusion-no-medium-visibility fusion-no-small-visibility\"><div class=\"title-sep sep-single sep-solid\" style=\"border-color:#e0dede;\"><\/div><\/div><span class=\"awb-title-spacer fusion-no-large-visibility fusion-no-medium-visibility fusion-no-small-visibility\"><\/span><h1 class=\"fusion-title-heading title-heading-left fusion-responsive-typography-calculated\" style=\"margin:0;--fontSize:33;line-height:1.45;\"><h4>T\u00f3pico e Oral<\/h4><\/h1><span class=\"awb-title-spacer\"><\/span><div class=\"title-sep-container title-sep-container-right\"><div class=\"title-sep sep-single sep-solid\" style=\"border-color:#e0dede;\"><\/div><\/div><\/div>\n<div class=\"table-1\">\n<table width=\"100%\">\n<thead>\n<tr>\n<th align=\"left\">Ch\u00e1 Verde<\/th>\n<th align=\"left\">Os polifen\u00f3is do ch\u00e1 verde s\u00e3o usados para prevenir os efeitos biol\u00f3gicos adversos da radia\u00e7\u00e3o UV, incluindo imunossupress\u00e3o e fotocarcinog\u00eanese;<\/th>\n<\/tr>\n<\/thead>\n<tbody>\n<tr>\n<td align=\"left\"><\/td>\n<td align=\"left\">Pesquisadores estudaram o efeito dos polifen\u00f3is do Green tea nos sinais de fotoenvelhecimento da pele em um estudo duplo-cego e placebo-controlado em um grupo de 40 mulheres. Em metade dos indiv\u00edduos, um creme de ch\u00e1 verde a 10% foi aplicado associado com 300 mg de ch\u00e1 verde oral duas vezes ao dia, enquanto a outra metade recebeu o placebo. O exame histol\u00f3gico mostrou melhorias significativas no conte\u00fado do tecido el\u00e1stico, mas nenhuma altera\u00e7\u00e3o significativa foi demonstrada clinicamente.<\/td>\n<\/tr>\n<\/tbody>\n<\/table>\n<\/div>\n<div class=\"fusion-title title fusion-title-5 fusion-title-text fusion-title-size-one\" style=\"--awb-margin-top:20px;--awb-margin-top-small:0px;--awb-margin-right-small:0px;--awb-margin-bottom-small:20px;--awb-margin-left-small:0px;\"><div class=\"title-sep-container title-sep-container-left fusion-no-large-visibility fusion-no-medium-visibility fusion-no-small-visibility\"><div class=\"title-sep sep-single sep-solid\" style=\"border-color:#e0dede;\"><\/div><\/div><span class=\"awb-title-spacer fusion-no-large-visibility fusion-no-medium-visibility fusion-no-small-visibility\"><\/span><h1 class=\"fusion-title-heading title-heading-left fusion-responsive-typography-calculated\" style=\"margin:0;--fontSize:33;line-height:1.45;\"><h2>Nutrientes na Pele<\/h2><\/h1><span class=\"awb-title-spacer\"><\/span><div class=\"title-sep-container title-sep-container-right\"><div class=\"title-sep sep-single sep-solid\" style=\"border-color:#e0dede;\"><\/div><\/div><\/div><div class=\"fusion-title title fusion-title-6 fusion-title-text fusion-title-size-one\" style=\"--awb-margin-top-small:0px;--awb-margin-right-small:0px;--awb-margin-bottom-small:20px;--awb-margin-left-small:0px;\"><div class=\"title-sep-container title-sep-container-left fusion-no-large-visibility fusion-no-medium-visibility fusion-no-small-visibility\"><div class=\"title-sep sep-single sep-solid\" style=\"border-color:#e0dede;\"><\/div><\/div><span class=\"awb-title-spacer fusion-no-large-visibility fusion-no-medium-visibility fusion-no-small-visibility\"><\/span><h1 class=\"fusion-title-heading title-heading-left fusion-responsive-typography-calculated\" style=\"margin:0;--fontSize:33;line-height:1.45;\"><h3>Op\u00e7\u00f5es Orais no Envelhecimento<\/h3><\/h1><span class=\"awb-title-spacer\"><\/span><div class=\"title-sep-container title-sep-container-right\"><div class=\"title-sep sep-single sep-solid\" style=\"border-color:#e0dede;\"><\/div><\/div><\/div>\n<div class=\"table-1\">\n<table width=\"100%\">\n<thead>\n<tr>\n<th align=\"left\">\u00c1cido ortossil\u00edcico estabilizado em colina (ch-OSA)<\/th>\n<th align=\"left\">O \u00e1cido ortossil\u00edcico (OSA) estimula os fibroblastos a secretar col\u00e1geno tipo I. O sil\u00edcio tamb\u00e9m promove a s\u00edntese de elastina e GAGs, ajuda a preservar a elasticidade dos vasos sangu\u00edneos e aumenta a resist\u00eancia e a espessura das fibras das unhas e cabelos<\/th>\n<\/tr>\n<\/thead>\n<tbody>\n<tr>\n<td align=\"left\"><\/td>\n<td align=\"left\">Em um grupo de 50 mulheres com pele fotodanificada que utilizaram 10 mg de Si\/dia por via oral por 20 semanas, foram observadas melhorias significativas nas caracter\u00edsticas de superf\u00edcie e propriedades mec\u00e2nicas da pele, assim como um efeito positivo na fragilidade do cabelo e das unhas.<\/td>\n<\/tr>\n<\/tbody>\n<\/table>\n<\/div>\n\n<div class=\"table-1\">\n<p><span style=\"color: #ffffff;\">&#8211;<\/span><\/p>\n<table width=\"100%\">\n<thead>\n<tr>\n<th align=\"left\"><\/th>\n<th align=\"left\">Os \u00e1cidos \u00f4mega-3 (\u00e1cido eicosapentaen\u00f3ico (EPA) e \u00e1cido docosahexaen\u00f3ico (DHA)), embora n\u00e3o estejam presentes na epiderme normal, seus metab\u00f3litos acumulam-se nela e tem um papel protetor, reduzindo a gravidade do eritema.<\/th>\n<\/tr>\n<\/thead>\n<tbody>\n<tr>\n<td align=\"left\"><strong>\u00d4mega-3<\/strong><\/td>\n<td align=\"left\">Em um estudo com um grupo de 15 pessoas que receberam \u00f3leo de peixe contendo 1,8 g de EPA e 1,2 g de DHA, observaram uma redu\u00e7\u00e3o acentuada na sensibilidade eritemal UVB ap\u00f3s seis meses de suplementa\u00e7\u00e3o;<\/td>\n<\/tr>\n<tr>\n<td align=\"left\"><\/td>\n<td align=\"left\">Os resultados indicam que os EPAs t\u00eam um efeito de filtragem de UV e sugerem que a suplementa\u00e7\u00e3o de longo prazo pode reduzir o risco de c\u00e2ncer de pele em humanos.<\/td>\n<\/tr>\n<\/tbody>\n<\/table>\n<\/div>\n\n<div class=\"table-1\">\n<p><span style=\"color: #ffffff;\">&#8211;<\/span><\/p>\n<table width=\"100%\">\n<thead>\n<tr>\n<th align=\"left\">Beta-caroteno, lute\u00edna e licopeno<\/th>\n<th align=\"left\">Os caroten\u00f3ides previnem o envelhecimento, estimulam os fibroblastos a produzir col\u00e1geno e elastina, inibem a atividade das MMPs e exibem efeitos anti-inflamat\u00f3rios e de filtragem de UV.<\/th>\n<\/tr>\n<\/thead>\n<tbody>\n<tr>\n<td align=\"left\"><\/td>\n<td align=\"left\">Um estudo comparou o efeito protetor eritematoso de beta-caroteno de uma fonte de algas com o de uma mistura de caroten\u00f3ides (beta-caroteno, lute\u00edna e licopeno, a 8 mg\/d cada). Um aumento nos n\u00edveis de caroten\u00f3ides no soro e na pele foi observado ap\u00f3s 12 semanas de suplementa\u00e7\u00e3o em ambos os grupos, assim como uma redu\u00e7\u00e3o compar\u00e1vel no eritema induzido por UV (MICHALAK; PIERZAK; KR\u0118CISZ; SULIGA, 2021).<\/td>\n<\/tr>\n<\/tbody>\n<\/table>\n<\/div>\n<div class=\"fusion-title title fusion-title-7 fusion-title-text fusion-title-size-one\" style=\"--awb-margin-top:20px;--awb-margin-top-small:0px;--awb-margin-right-small:0px;--awb-margin-bottom-small:20px;--awb-margin-left-small:0px;\"><div class=\"title-sep-container title-sep-container-left fusion-no-large-visibility fusion-no-medium-visibility fusion-no-small-visibility\"><div class=\"title-sep sep-single sep-solid\" style=\"border-color:#e0dede;\"><\/div><\/div><span class=\"awb-title-spacer fusion-no-large-visibility fusion-no-medium-visibility fusion-no-small-visibility\"><\/span><h1 class=\"fusion-title-heading title-heading-left fusion-responsive-typography-calculated\" style=\"margin:0;--fontSize:33;line-height:1.45;\"><h3>Op\u00e7\u00f5es para Melhora das Caracter\u00edsticas da Pele<\/h3><\/h1><span class=\"awb-title-spacer\"><\/span><div class=\"title-sep-container title-sep-container-right\"><div class=\"title-sep sep-single sep-solid\" style=\"border-color:#e0dede;\"><\/div><\/div><\/div>\n<div class=\"table-1\">\n<h4><strong>Melhora das propriedades f\u00edsicas da pele<\/strong><\/h4>\n<table width=\"100%\">\n<thead>\n<tr>\n<th style=\"text-align: center;\" align=\"left\">Creme com Retinol<\/th>\n<\/tr>\n<\/thead>\n<tbody>\n<tr>\n<td style=\"text-align: center;\" align=\"left\">NV Retinol&#8230;&#8230;&#8230;&#8230;&#8230;&#8230;&#8230;&#8230;&#8230;&#8230;&#8230;&#8230;&#8230;..0,04%<\/td>\n<\/tr>\n<tr>\n<td style=\"text-align: center;\" align=\"left\">Creme qsp&#8230;&#8230;&#8230;&#8230;&#8230;&#8230;&#8230;&#8230;&#8230;&#8230;&#8230;&#8230;&#8230;&#8230;..50 g<\/td>\n<\/tr>\n<\/tbody>\n<\/table>\n<p>Aplicar na pele diariamente ou conforme orienta\u00e7\u00e3o m\u00e9dica.<\/p>\n<\/div>\n\n<div class=\"table-1\">\n<h4>Associa\u00e7\u00e3o T\u00f3pica e Oral na Melhora do Tecido El\u00e1stico da Pele<\/h4>\n<table width=\"100%\">\n<thead>\n<tr>\n<th style=\"text-align: center;\" align=\"left\">Creme de Green tea<\/th>\n<\/tr>\n<\/thead>\n<tbody>\n<tr>\n<td style=\"text-align: center;\" align=\"left\">Green tea&#8230;&#8230;&#8230;&#8230;&#8230;&#8230;&#8230;&#8230;&#8230;&#8230;&#8230;&#8230;&#8230;&#8230;&#8230;10%<\/td>\n<\/tr>\n<tr>\n<td style=\"text-align: center;\" align=\"left\">Creme qsp\u2026\u2026\u2026\u2026\u2026\u2026\u2026\u2026\u2026\u2026\u2026.50 g<\/td>\n<\/tr>\n<\/tbody>\n<\/table>\n<p>Aplicar na pele diariamente ou conforme orienta\u00e7\u00e3o m\u00e9dica.<\/p>\n<\/div>\n\n<div class=\"table-1\">\n<table width=\"100%\">\n<thead>\n<tr>\n<th style=\"text-align: center;\" align=\"left\">C\u00e1psulas de Green tea<\/th>\n<\/tr>\n<\/thead>\n<tbody>\n<tr>\n<td style=\"text-align: center;\" align=\"left\">Green tea&#8230;&#8230;&#8230;&#8230;&#8230;&#8230;&#8230;&#8230;&#8230;&#8230;&#8230;&#8230;&#8230;.300 mg<\/td>\n<\/tr>\n<tr>\n<td style=\"text-align: center;\" align=\"left\">Excipiente qsp&#8230;&#8230;&#8230;&#8230;&#8230;&#8230;&#8230;&#8230;&#8230;.1 C\u00e1psula<\/td>\n<\/tr>\n<\/tbody>\n<\/table>\n<p>Administrar 1 c\u00e1psula 2 vezes ao dia ou conforme orienta\u00e7\u00e3o m\u00e9dica.<\/p>\n<\/div>\n\n<div class=\"table-1\">\n<h4>Melhora das Caracter\u00edsticas Mec\u00e2nicas da Pele, e na Fragilidade de Cabelo e Unhas<\/h4>\n<table width=\"100%\">\n<thead>\n<tr>\n<th style=\"text-align: center;\" align=\"left\">C\u00e1psulas de \u00c1cido Ortossil\u00edcico Estabilizado em Colina<\/th>\n<\/tr>\n<\/thead>\n<tbody>\n<tr>\n<td style=\"text-align: center;\" align=\"left\">Nutricolin\u00ae&#8230;&#8230;&#8230;&#8230;&#8230;&#8230;&#8230;&#8230;&#8230;&#8230;300 a 600 mg<\/td>\n<\/tr>\n<tr>\n<td style=\"text-align: center;\" align=\"left\">Excipiente qsp&#8230;&#8230;&#8230;&#8230;&#8230;&#8230;&#8230;&#8230;&#8230;.1 C\u00e1psula<\/td>\n<\/tr>\n<\/tbody>\n<\/table>\n<p>Administrar 1 c\u00e1psula ao dia ou conforme orienta\u00e7\u00e3o m\u00e9dica.<\/p>\n<\/div>\n<div class=\"fusion-title title fusion-title-8 fusion-title-text fusion-title-size-one\" style=\"--awb-margin-top:20px;--awb-margin-top-small:0px;--awb-margin-right-small:0px;--awb-margin-bottom-small:20px;--awb-margin-left-small:0px;\"><div class=\"title-sep-container title-sep-container-left fusion-no-large-visibility fusion-no-medium-visibility fusion-no-small-visibility\"><div class=\"title-sep sep-single sep-solid\" style=\"border-color:#e0dede;\"><\/div><\/div><span class=\"awb-title-spacer fusion-no-large-visibility fusion-no-medium-visibility fusion-no-small-visibility\"><\/span><h1 class=\"fusion-title-heading title-heading-left fusion-responsive-typography-calculated\" style=\"margin:0;--fontSize:33;line-height:1.45;\"><h3>Formula\u00e7\u00f5es Eficazes no Fotodano \u00e0 Pele<\/h3><\/h1><span class=\"awb-title-spacer\"><\/span><div class=\"title-sep-container title-sep-container-right\"><div class=\"title-sep sep-single sep-solid\" style=\"border-color:#e0dede;\"><\/div><\/div><\/div>\n<div class=\"table-1\">\n<h4>Redu\u00e7\u00e3o da Sensibilidade Eritemal UVB<\/h4>\n<table width=\"100%\">\n<thead>\n<tr>\n<th style=\"text-align: center;\" align=\"left\">C\u00e1psulas de \u00d4mega-3<\/th>\n<\/tr>\n<\/thead>\n<tbody>\n<tr>\n<td style=\"text-align: center;\" align=\"left\">\u00d4mega-3&#8230;&#8230;&#8230;&#8230;&#8230;&#8230;&#8230;&#8230;&#8230;&#8230;&#8230;&#8230;&#8230;&#8230;&#8230;..1 g<\/td>\n<\/tr>\n<tr>\n<td style=\"text-align: center;\" align=\"left\">Excipiente qsp&#8230;&#8230;&#8230;&#8230;&#8230;&#8230;&#8230;&#8230;&#8230;.1 C\u00e1psula<\/td>\n<\/tr>\n<\/tbody>\n<\/table>\n<p>Administrar 1 a 3 c\u00e1psulas ao dia ou conforme orienta\u00e7\u00e3o m\u00e9dica.<\/p>\n<\/div>\n\n<div class=\"table-1\">\n<h4>Redu\u00e7\u00e3o do Eritema Induzido por UV<\/h4>\n<table width=\"100%\">\n<thead>\n<tr>\n<th style=\"text-align: center;\" align=\"left\">C\u00e1psulas de Caroten\u00f3ides<\/th>\n<\/tr>\n<\/thead>\n<tbody>\n<tr>\n<td style=\"text-align: center;\" align=\"left\">Beta-caroteno\u2026\u2026\u2026\u2026\u2026\u2026\u2026\u2026&#8230;&#8230;8 mg<\/td>\n<\/tr>\n<tr>\n<td style=\"text-align: center;\" align=\"left\">Lute\u00edna\u2026\u2026\u2026\u2026\u2026\u2026\u2026\u2026\u2026\u2026\u2026\u2026.8 mg<\/td>\n<\/tr>\n<tr>\n<td style=\"text-align: center;\" align=\"left\">Licopeno\u2026\u2026\u2026\u2026\u2026\u2026\u2026\u2026\u2026\u2026\u2026.8 mg<\/td>\n<\/tr>\n<tr>\n<td style=\"text-align: center;\" align=\"left\">Excipiente qsp&#8230;&#8230;&#8230;&#8230;&#8230;&#8230;&#8230;&#8230;&#8230;.1 C\u00e1psula<\/td>\n<\/tr>\n<\/tbody>\n<\/table>\n<p>Administrar 1 ao dia ou conforme orienta\u00e7\u00e3o m\u00e9dica.<\/p>\n<\/div>\n\n<div class=\"table-1\">\n<h4>Preven\u00e7\u00e3o do Fotoenvelhecimento Induzido pela Luz Azul e Radia\u00e7\u00e3o UVA<\/h4>\n<table width=\"100%\">\n<thead>\n<tr>\n<th style=\"text-align: center;\" align=\"left\">Creme com OlivAge&#x2122;<\/th>\n<\/tr>\n<\/thead>\n<tbody>\n<tr>\n<td style=\"text-align: center;\" align=\"left\">OlivAge&#x2122;&#8230;&#8230;&#8230;&#8230;&#8230;&#8230;&#8230;&#8230;&#8230;&#8230;&#8230;&#8230;0,5% a 1%<\/td>\n<\/tr>\n<tr>\n<td style=\"text-align: center;\" align=\"left\">Creme qsp&#8230;&#8230;&#8230;&#8230;&#8230;&#8230;&#8230;&#8230;&#8230;&#8230;&#8230;&#8230;&#8230;&#8230;30 g<\/td>\n<\/tr>\n<\/tbody>\n<\/table>\n<p>Aplicar na face e pesco\u00e7o uma vez ao dia ou conforme orienta\u00e7\u00e3o m\u00e9dica.<\/p>\n<\/div>\n<div class=\"fusion-title title fusion-title-9 fusion-title-text fusion-title-size-one\" style=\"--awb-margin-top:20px;--awb-margin-top-small:0px;--awb-margin-right-small:0px;--awb-margin-bottom-small:20px;--awb-margin-left-small:0px;\"><div class=\"title-sep-container title-sep-container-left fusion-no-large-visibility fusion-no-medium-visibility fusion-no-small-visibility\"><div class=\"title-sep sep-single sep-solid\" style=\"border-color:#e0dede;\"><\/div><\/div><span class=\"awb-title-spacer fusion-no-large-visibility fusion-no-medium-visibility fusion-no-small-visibility\"><\/span><h1 class=\"fusion-title-heading title-heading-left fusion-responsive-typography-calculated\" style=\"margin:0;--fontSize:33;line-height:1.45;\"><h2>Refer\u00eancias<\/h2>\n<p>AVOLA, R.; GRAZIANO, A. C. E.; PANNUZZO, G.; BONINA, F. et al. Hydroxytyrosol from olive fruits prevents blue-light-induced damage in human keratinocytes and fibroblasts. J Cell Physiol, 234, n. 6, p. 9065-9076, Jun 2019.<\/p>\n<p>MICHALAK, M.; PIERZAK, M.; KR\u0118CISZ, B.; SULIGA, E. Bioactive Compounds for Skin Health: A Review. Nutrients, 13, n. 1, p. 203, 2021.<\/p><\/h1><span class=\"awb-title-spacer\"><\/span><div class=\"title-sep-container title-sep-container-right\"><div class=\"title-sep sep-single sep-solid\" style=\"border-color:#e0dede;\"><\/div><\/div><\/div><\/div><\/div><\/div><\/div>\n","protected":false},"excerpt":{"rendered":"","protected":false},"author":8,"featured_media":17215,"comment_status":"closed","ping_status":"open","sticky":false,"template":"","format":"standard","meta":{"inline_featured_image":false,"_joinchat":[],"footnotes":""},"categories":[45],"tags":[77,210,56],"class_list":["post-17211","post","type-post","status-publish","format-standard","has-post-thumbnail","hentry","category-profissionais-da-saude","tag-dermatologia","tag-envelhecimento","tag-pele"],"aioseo_notices":[],"aioseo_head":"\n\t\t<!-- All in One SEO 4.9.10 - aioseo.com -->\n\t<meta name=\"description\" content=\"Os estudos avaliam os efeitos de compostos bioativos nos par\u00e2metros da pele e o seu papel no processo de envelhecimento da pele.\" \/>\n\t<meta name=\"robots\" content=\"max-image-preview:large\" \/>\n\t<meta name=\"author\" content=\"Autor\"\/>\n\t<meta name=\"google-site-verification\" content=\"Zyo5oNy6UywuyfsRVUowfYJfRGYFaIU5dV7dEiliV0\" \/>\n\t<meta name=\"keywords\" content=\"dermatologia,envelhecimento,pele\" \/>\n\t<link rel=\"canonical\" href=\"https:\/\/www.formularium.com.br\/inform\/profissionais-da-saude\/compostos-bioativos-nos-parametros-da-pele\/\" \/>\n\t<meta name=\"generator\" content=\"All in One SEO (AIOSEO) 4.9.10\" \/>\n\t\t<meta property=\"og:locale\" content=\"pt_BR\" \/>\n\t\t<meta property=\"og:site_name\" content=\"Blog Pharm\u00e1cia de Manipula\u00e7\u00e3o Formularium | Blog Pharm\u00e1cia de Manipula\u00e7\u00e3o Formularium\" \/>\n\t\t<meta property=\"og:type\" content=\"article\" \/>\n\t\t<meta property=\"og:title\" content=\"Compostos bioativos nos par\u00e2metros da pele | Formularium\" \/>\n\t\t<meta property=\"og:description\" content=\"Os estudos avaliam os efeitos de compostos bioativos nos par\u00e2metros da pele e o seu papel no processo de envelhecimento da pele.\" \/>\n\t\t<meta property=\"og:url\" content=\"https:\/\/www.formularium.com.br\/inform\/profissionais-da-saude\/compostos-bioativos-nos-parametros-da-pele\/\" \/>\n\t\t<meta property=\"article:published_time\" content=\"2021-05-12T19:09:28+00:00\" \/>\n\t\t<meta property=\"article:modified_time\" content=\"2021-06-07T18:20:20+00:00\" \/>\n\t\t<meta name=\"twitter:card\" content=\"summary\" \/>\n\t\t<meta name=\"twitter:title\" content=\"Compostos bioativos nos par\u00e2metros da pele | Formularium\" \/>\n\t\t<meta name=\"twitter:description\" content=\"Os estudos avaliam os efeitos de compostos bioativos nos par\u00e2metros da pele e o seu papel no processo de envelhecimento da pele.\" \/>\n\t\t<script type=\"application\/ld+json\" class=\"aioseo-schema\">\n\t\t\t{\"@context\":\"https:\\\/\\\/schema.org\",\"@graph\":[{\"@type\":\"Article\",\"@id\":\"https:\\\/\\\/www.formularium.com.br\\\/inform\\\/profissionais-da-saude\\\/compostos-bioativos-nos-parametros-da-pele\\\/#article\",\"name\":\"Compostos bioativos nos par\\u00e2metros da pele | Formularium\",\"headline\":\"Compostos bioativos nos par\\u00e2metros da pele\",\"author\":{\"@id\":\"https:\\\/\\\/www.formularium.com.br\\\/inform\\\/author\\\/louise\\\/#author\"},\"publisher\":{\"@id\":\"https:\\\/\\\/www.formularium.com.br\\\/inform\\\/#organization\"},\"image\":{\"@type\":\"ImageObject\",\"url\":\"https:\\\/\\\/www.formularium.com.br\\\/inform\\\/wp-content\\\/uploads\\\/2021\\\/04\\\/Compostos-bioativos-nos-parametros-da-pele.jpg\",\"width\":1365,\"height\":768,\"caption\":\"Cosmetic cream on female hands, jars with milk swirl cream and green leaves on white marble table. Flat lay, top view. Woman applying organic moisturizing hand cream. Hand skin care concept\"},\"datePublished\":\"2021-05-12T16:09:28-03:00\",\"dateModified\":\"2021-06-07T15:20:20-03:00\",\"inLanguage\":\"pt-BR\",\"mainEntityOfPage\":{\"@id\":\"https:\\\/\\\/www.formularium.com.br\\\/inform\\\/profissionais-da-saude\\\/compostos-bioativos-nos-parametros-da-pele\\\/#webpage\"},\"isPartOf\":{\"@id\":\"https:\\\/\\\/www.formularium.com.br\\\/inform\\\/profissionais-da-saude\\\/compostos-bioativos-nos-parametros-da-pele\\\/#webpage\"},\"articleSection\":\"Profissionais da Sa\\u00fade, Dermatologia, Envelhecimento, Pele\"},{\"@type\":\"BreadcrumbList\",\"@id\":\"https:\\\/\\\/www.formularium.com.br\\\/inform\\\/profissionais-da-saude\\\/compostos-bioativos-nos-parametros-da-pele\\\/#breadcrumblist\",\"itemListElement\":[{\"@type\":\"ListItem\",\"@id\":\"https:\\\/\\\/www.formularium.com.br\\\/inform#listItem\",\"position\":1,\"name\":\"Home\",\"item\":\"https:\\\/\\\/www.formularium.com.br\\\/inform\",\"nextItem\":{\"@type\":\"ListItem\",\"@id\":\"https:\\\/\\\/www.formularium.com.br\\\/inform\\\/categoria\\\/profissionais-da-saude\\\/#listItem\",\"name\":\"Profissionais da Sa\\u00fade\"}},{\"@type\":\"ListItem\",\"@id\":\"https:\\\/\\\/www.formularium.com.br\\\/inform\\\/categoria\\\/profissionais-da-saude\\\/#listItem\",\"position\":2,\"name\":\"Profissionais da Sa\\u00fade\",\"item\":\"https:\\\/\\\/www.formularium.com.br\\\/inform\\\/categoria\\\/profissionais-da-saude\\\/\",\"nextItem\":{\"@type\":\"ListItem\",\"@id\":\"https:\\\/\\\/www.formularium.com.br\\\/inform\\\/profissionais-da-saude\\\/compostos-bioativos-nos-parametros-da-pele\\\/#listItem\",\"name\":\"Compostos bioativos nos par\\u00e2metros da pele\"},\"previousItem\":{\"@type\":\"ListItem\",\"@id\":\"https:\\\/\\\/www.formularium.com.br\\\/inform#listItem\",\"name\":\"Home\"}},{\"@type\":\"ListItem\",\"@id\":\"https:\\\/\\\/www.formularium.com.br\\\/inform\\\/profissionais-da-saude\\\/compostos-bioativos-nos-parametros-da-pele\\\/#listItem\",\"position\":3,\"name\":\"Compostos bioativos nos par\\u00e2metros da pele\",\"previousItem\":{\"@type\":\"ListItem\",\"@id\":\"https:\\\/\\\/www.formularium.com.br\\\/inform\\\/categoria\\\/profissionais-da-saude\\\/#listItem\",\"name\":\"Profissionais da Sa\\u00fade\"}}]},{\"@type\":\"Organization\",\"@id\":\"https:\\\/\\\/www.formularium.com.br\\\/inform\\\/#organization\",\"name\":\"Pharm\\u00e1cia de Manipula\\u00e7\\u00e3o Formularium\",\"description\":\"Blog Pharm\\u00e1cia de Manipula\\u00e7\\u00e3o Formularium\",\"url\":\"https:\\\/\\\/www.formularium.com.br\\\/inform\\\/\",\"telephone\":\"+551138194490\",\"logo\":{\"@type\":\"ImageObject\",\"url\":\"https:\\\/\\\/www.formularium.com.br\\\/inform\\\/wp-content\\\/uploads\\\/2013\\\/11\\\/logo@2x.png\",\"@id\":\"https:\\\/\\\/www.formularium.com.br\\\/inform\\\/profissionais-da-saude\\\/compostos-bioativos-nos-parametros-da-pele\\\/#organizationLogo\",\"width\":414,\"height\":140,\"caption\":\"Formularium\"},\"image\":{\"@id\":\"https:\\\/\\\/www.formularium.com.br\\\/inform\\\/profissionais-da-saude\\\/compostos-bioativos-nos-parametros-da-pele\\\/#organizationLogo\"}},{\"@type\":\"Person\",\"@id\":\"https:\\\/\\\/www.formularium.com.br\\\/inform\\\/author\\\/louise\\\/#author\",\"url\":\"https:\\\/\\\/www.formularium.com.br\\\/inform\\\/author\\\/louise\\\/\",\"name\":\"Autor\"},{\"@type\":\"WebPage\",\"@id\":\"https:\\\/\\\/www.formularium.com.br\\\/inform\\\/profissionais-da-saude\\\/compostos-bioativos-nos-parametros-da-pele\\\/#webpage\",\"url\":\"https:\\\/\\\/www.formularium.com.br\\\/inform\\\/profissionais-da-saude\\\/compostos-bioativos-nos-parametros-da-pele\\\/\",\"name\":\"Compostos bioativos nos par\\u00e2metros da pele | Formularium\",\"description\":\"Os estudos avaliam os efeitos de compostos bioativos nos par\\u00e2metros da pele e o seu papel no processo de envelhecimento da pele.\",\"inLanguage\":\"pt-BR\",\"isPartOf\":{\"@id\":\"https:\\\/\\\/www.formularium.com.br\\\/inform\\\/#website\"},\"breadcrumb\":{\"@id\":\"https:\\\/\\\/www.formularium.com.br\\\/inform\\\/profissionais-da-saude\\\/compostos-bioativos-nos-parametros-da-pele\\\/#breadcrumblist\"},\"author\":{\"@id\":\"https:\\\/\\\/www.formularium.com.br\\\/inform\\\/author\\\/louise\\\/#author\"},\"creator\":{\"@id\":\"https:\\\/\\\/www.formularium.com.br\\\/inform\\\/author\\\/louise\\\/#author\"},\"image\":{\"@type\":\"ImageObject\",\"url\":\"https:\\\/\\\/www.formularium.com.br\\\/inform\\\/wp-content\\\/uploads\\\/2021\\\/04\\\/Compostos-bioativos-nos-parametros-da-pele.jpg\",\"@id\":\"https:\\\/\\\/www.formularium.com.br\\\/inform\\\/profissionais-da-saude\\\/compostos-bioativos-nos-parametros-da-pele\\\/#mainImage\",\"width\":1365,\"height\":768,\"caption\":\"Cosmetic cream on female hands, jars with milk swirl cream and green leaves on white marble table. Flat lay, top view. Woman applying organic moisturizing hand cream. Hand skin care concept\"},\"primaryImageOfPage\":{\"@id\":\"https:\\\/\\\/www.formularium.com.br\\\/inform\\\/profissionais-da-saude\\\/compostos-bioativos-nos-parametros-da-pele\\\/#mainImage\"},\"datePublished\":\"2021-05-12T16:09:28-03:00\",\"dateModified\":\"2021-06-07T15:20:20-03:00\"},{\"@type\":\"WebSite\",\"@id\":\"https:\\\/\\\/www.formularium.com.br\\\/inform\\\/#website\",\"url\":\"https:\\\/\\\/www.formularium.com.br\\\/inform\\\/\",\"name\":\"Blog Pharm\\u00e1cia de Manipula\\u00e7\\u00e3o Formularium\",\"alternateName\":\"Formularium\",\"description\":\"Blog Pharm\\u00e1cia de Manipula\\u00e7\\u00e3o Formularium\",\"inLanguage\":\"pt-BR\",\"publisher\":{\"@id\":\"https:\\\/\\\/www.formularium.com.br\\\/inform\\\/#organization\"}}]}\n\t\t<\/script>\n\t\t<!-- All in One SEO -->\n\n","aioseo_head_json":{"title":"Compostos bioativos nos par\u00e2metros da pele | Formularium","description":"Os estudos avaliam os efeitos de compostos bioativos nos par\u00e2metros da pele e o seu papel no processo de envelhecimento da pele.","canonical_url":"https:\/\/www.formularium.com.br\/inform\/profissionais-da-saude\/compostos-bioativos-nos-parametros-da-pele\/","robots":"max-image-preview:large","keywords":"dermatologia,envelhecimento,pele","webmasterTools":{"google-site-verification":"Zyo5oNy6UywuyfsRVUowfYJfRGYFaIU5dV7dEiliV0","miscellaneous":""},"schema":{"@context":"https:\/\/schema.org","@graph":[{"@type":"Article","@id":"https:\/\/www.formularium.com.br\/inform\/profissionais-da-saude\/compostos-bioativos-nos-parametros-da-pele\/#article","name":"Compostos bioativos nos par\u00e2metros da pele | Formularium","headline":"Compostos bioativos nos par\u00e2metros da pele","author":{"@id":"https:\/\/www.formularium.com.br\/inform\/author\/louise\/#author"},"publisher":{"@id":"https:\/\/www.formularium.com.br\/inform\/#organization"},"image":{"@type":"ImageObject","url":"https:\/\/www.formularium.com.br\/inform\/wp-content\/uploads\/2021\/04\/Compostos-bioativos-nos-parametros-da-pele.jpg","width":1365,"height":768,"caption":"Cosmetic cream on female hands, jars with milk swirl cream and green leaves on white marble table. Flat lay, top view. Woman applying organic moisturizing hand cream. Hand skin care concept"},"datePublished":"2021-05-12T16:09:28-03:00","dateModified":"2021-06-07T15:20:20-03:00","inLanguage":"pt-BR","mainEntityOfPage":{"@id":"https:\/\/www.formularium.com.br\/inform\/profissionais-da-saude\/compostos-bioativos-nos-parametros-da-pele\/#webpage"},"isPartOf":{"@id":"https:\/\/www.formularium.com.br\/inform\/profissionais-da-saude\/compostos-bioativos-nos-parametros-da-pele\/#webpage"},"articleSection":"Profissionais da Sa\u00fade, Dermatologia, Envelhecimento, Pele"},{"@type":"BreadcrumbList","@id":"https:\/\/www.formularium.com.br\/inform\/profissionais-da-saude\/compostos-bioativos-nos-parametros-da-pele\/#breadcrumblist","itemListElement":[{"@type":"ListItem","@id":"https:\/\/www.formularium.com.br\/inform#listItem","position":1,"name":"Home","item":"https:\/\/www.formularium.com.br\/inform","nextItem":{"@type":"ListItem","@id":"https:\/\/www.formularium.com.br\/inform\/categoria\/profissionais-da-saude\/#listItem","name":"Profissionais da Sa\u00fade"}},{"@type":"ListItem","@id":"https:\/\/www.formularium.com.br\/inform\/categoria\/profissionais-da-saude\/#listItem","position":2,"name":"Profissionais da Sa\u00fade","item":"https:\/\/www.formularium.com.br\/inform\/categoria\/profissionais-da-saude\/","nextItem":{"@type":"ListItem","@id":"https:\/\/www.formularium.com.br\/inform\/profissionais-da-saude\/compostos-bioativos-nos-parametros-da-pele\/#listItem","name":"Compostos bioativos nos par\u00e2metros da pele"},"previousItem":{"@type":"ListItem","@id":"https:\/\/www.formularium.com.br\/inform#listItem","name":"Home"}},{"@type":"ListItem","@id":"https:\/\/www.formularium.com.br\/inform\/profissionais-da-saude\/compostos-bioativos-nos-parametros-da-pele\/#listItem","position":3,"name":"Compostos bioativos nos par\u00e2metros da pele","previousItem":{"@type":"ListItem","@id":"https:\/\/www.formularium.com.br\/inform\/categoria\/profissionais-da-saude\/#listItem","name":"Profissionais da Sa\u00fade"}}]},{"@type":"Organization","@id":"https:\/\/www.formularium.com.br\/inform\/#organization","name":"Pharm\u00e1cia de Manipula\u00e7\u00e3o Formularium","description":"Blog Pharm\u00e1cia de Manipula\u00e7\u00e3o Formularium","url":"https:\/\/www.formularium.com.br\/inform\/","telephone":"+551138194490","logo":{"@type":"ImageObject","url":"https:\/\/www.formularium.com.br\/inform\/wp-content\/uploads\/2013\/11\/logo@2x.png","@id":"https:\/\/www.formularium.com.br\/inform\/profissionais-da-saude\/compostos-bioativos-nos-parametros-da-pele\/#organizationLogo","width":414,"height":140,"caption":"Formularium"},"image":{"@id":"https:\/\/www.formularium.com.br\/inform\/profissionais-da-saude\/compostos-bioativos-nos-parametros-da-pele\/#organizationLogo"}},{"@type":"Person","@id":"https:\/\/www.formularium.com.br\/inform\/author\/louise\/#author","url":"https:\/\/www.formularium.com.br\/inform\/author\/louise\/","name":"Autor"},{"@type":"WebPage","@id":"https:\/\/www.formularium.com.br\/inform\/profissionais-da-saude\/compostos-bioativos-nos-parametros-da-pele\/#webpage","url":"https:\/\/www.formularium.com.br\/inform\/profissionais-da-saude\/compostos-bioativos-nos-parametros-da-pele\/","name":"Compostos bioativos nos par\u00e2metros da pele | Formularium","description":"Os estudos avaliam os efeitos de compostos bioativos nos par\u00e2metros da pele e o seu papel no processo de envelhecimento da pele.","inLanguage":"pt-BR","isPartOf":{"@id":"https:\/\/www.formularium.com.br\/inform\/#website"},"breadcrumb":{"@id":"https:\/\/www.formularium.com.br\/inform\/profissionais-da-saude\/compostos-bioativos-nos-parametros-da-pele\/#breadcrumblist"},"author":{"@id":"https:\/\/www.formularium.com.br\/inform\/author\/louise\/#author"},"creator":{"@id":"https:\/\/www.formularium.com.br\/inform\/author\/louise\/#author"},"image":{"@type":"ImageObject","url":"https:\/\/www.formularium.com.br\/inform\/wp-content\/uploads\/2021\/04\/Compostos-bioativos-nos-parametros-da-pele.jpg","@id":"https:\/\/www.formularium.com.br\/inform\/profissionais-da-saude\/compostos-bioativos-nos-parametros-da-pele\/#mainImage","width":1365,"height":768,"caption":"Cosmetic cream on female hands, jars with milk swirl cream and green leaves on white marble table. Flat lay, top view. Woman applying organic moisturizing hand cream. Hand skin care concept"},"primaryImageOfPage":{"@id":"https:\/\/www.formularium.com.br\/inform\/profissionais-da-saude\/compostos-bioativos-nos-parametros-da-pele\/#mainImage"},"datePublished":"2021-05-12T16:09:28-03:00","dateModified":"2021-06-07T15:20:20-03:00"},{"@type":"WebSite","@id":"https:\/\/www.formularium.com.br\/inform\/#website","url":"https:\/\/www.formularium.com.br\/inform\/","name":"Blog Pharm\u00e1cia de Manipula\u00e7\u00e3o Formularium","alternateName":"Formularium","description":"Blog Pharm\u00e1cia de Manipula\u00e7\u00e3o Formularium","inLanguage":"pt-BR","publisher":{"@id":"https:\/\/www.formularium.com.br\/inform\/#organization"}}]},"og:locale":"pt_BR","og:site_name":"Blog Pharm\u00e1cia de Manipula\u00e7\u00e3o Formularium | Blog Pharm\u00e1cia de Manipula\u00e7\u00e3o Formularium","og:type":"article","og:title":"Compostos bioativos nos par\u00e2metros da pele | Formularium","og:description":"Os estudos avaliam os efeitos de compostos bioativos nos par\u00e2metros da pele e o seu papel no processo de envelhecimento da pele.","og:url":"https:\/\/www.formularium.com.br\/inform\/profissionais-da-saude\/compostos-bioativos-nos-parametros-da-pele\/","article:published_time":"2021-05-12T19:09:28+00:00","article:modified_time":"2021-06-07T18:20:20+00:00","twitter:card":"summary","twitter:title":"Compostos bioativos nos par\u00e2metros da pele | Formularium","twitter:description":"Os estudos avaliam os efeitos de compostos bioativos nos par\u00e2metros da pele e o seu papel no processo de envelhecimento da pele."},"aioseo_meta_data":{"post_id":"17211","title":null,"description":"Os estudos avaliam os efeitos de compostos bioativos nos par\u00e2metros da pele e o seu papel no processo de envelhecimento da pele.","keywords":[],"keyphrases":{"focus":[],"additional":[]},"primary_term":null,"canonical_url":null,"og_title":null,"og_description":null,"og_object_type":"default","og_image_type":"default","og_image_url":null,"og_image_width":null,"og_image_height":null,"og_image_custom_url":null,"og_image_custom_fields":null,"og_video":"","og_custom_url":null,"og_article_section":null,"og_article_tags":[],"twitter_use_og":false,"twitter_card":"default","twitter_image_type":"default","twitter_image_url":null,"twitter_image_custom_url":null,"twitter_image_custom_fields":null,"twitter_title":null,"twitter_description":null,"schema":{"blockGraphs":[],"customGraphs":[],"default":{"data":{"Article":[],"Course":[],"Dataset":[],"FAQPage":[],"Movie":[],"Person":[],"Product":[],"ProductReview":[],"Car":[],"Recipe":[],"Service":[],"SoftwareApplication":[],"WebPage":[]},"graphName":"","isEnabled":true},"graphs":[],"defaultGraph":"Article","defaultPostTypeGraph":""},"schema_type":"default","schema_type_options":"{\"article\":{\"articleType\":\"BlogPosting\"},\"course\":{\"name\":\"\",\"description\":\"\",\"provider\":\"\"},\"faq\":{\"pages\":[]},\"product\":{\"reviews\":[]},\"recipe\":{\"ingredients\":[],\"instructions\":[],\"keywords\":[]},\"software\":{\"reviews\":[],\"operatingSystems\":[]},\"webPage\":{\"webPageType\":\"WebPage\"}}","pillar_content":false,"robots_default":true,"robots_noindex":false,"robots_noarchive":false,"robots_nosnippet":false,"robots_nofollow":false,"robots_noimageindex":false,"robots_noodp":false,"robots_notranslate":false,"robots_max_snippet":"-1","robots_max_videopreview":"-1","robots_max_imagepreview":"large","priority":null,"frequency":"default","location":null,"local_seo":{"locations":{"business":{"name":"","businessType":"","image":"","areaServed":"","urls":{"website":"","aboutPage":"","contactPage":""},"address":{"streetLine1":"","streetLine2":"","zipCode":"","city":"","state":"","country":"","addressFormat":"#streetLineOne\n#streetLineTwo\n#city, #state #zipCode"},"contact":{"email":"","phone":"","phoneFormatted":"","fax":"","faxFormatted":""},"ids":{"vat":"","tax":"","chamberOfCommerce":""},"payment":{"priceRange":"","currenciesAccepted":"","methods":""}}},"openingHours":{"useDefaults":true,"show":true,"alwaysOpen":false,"use24hFormat":false,"timezone":"","labels":{"closed":"","alwaysOpen":""},"days":{"monday":{"open24h":false,"closed":false,"openTime":"09:00","closeTime":"17:00"},"tuesday":{"open24h":false,"closed":false,"openTime":"09:00","closeTime":"17:00"},"wednesday":{"open24h":false,"closed":false,"openTime":"09:00","closeTime":"17:00"},"thursday":{"open24h":false,"closed":false,"openTime":"09:00","closeTime":"17:00"},"friday":{"open24h":false,"closed":false,"openTime":"09:00","closeTime":"17:00"},"saturday":{"open24h":false,"closed":false,"openTime":"09:00","closeTime":"17:00"},"sunday":{"open24h":false,"closed":false,"openTime":"09:00","closeTime":"17:00"}}}},"breadcrumb_settings":null,"limit_modified_date":false,"ai":null,"created":"2021-04-27 13:56:37","updated":"2025-06-11 21:20:11","seo_analyzer_scan_date":null},"_links":{"self":[{"href":"https:\/\/www.formularium.com.br\/inform\/wp-json\/wp\/v2\/posts\/17211","targetHints":{"allow":["GET"]}}],"collection":[{"href":"https:\/\/www.formularium.com.br\/inform\/wp-json\/wp\/v2\/posts"}],"about":[{"href":"https:\/\/www.formularium.com.br\/inform\/wp-json\/wp\/v2\/types\/post"}],"author":[{"embeddable":true,"href":"https:\/\/www.formularium.com.br\/inform\/wp-json\/wp\/v2\/users\/8"}],"replies":[{"embeddable":true,"href":"https:\/\/www.formularium.com.br\/inform\/wp-json\/wp\/v2\/comments?post=17211"}],"version-history":[{"count":0,"href":"https:\/\/www.formularium.com.br\/inform\/wp-json\/wp\/v2\/posts\/17211\/revisions"}],"wp:featuredmedia":[{"embeddable":true,"href":"https:\/\/www.formularium.com.br\/inform\/wp-json\/wp\/v2\/media\/17215"}],"wp:attachment":[{"href":"https:\/\/www.formularium.com.br\/inform\/wp-json\/wp\/v2\/media?parent=17211"}],"wp:term":[{"taxonomy":"category","embeddable":true,"href":"https:\/\/www.formularium.com.br\/inform\/wp-json\/wp\/v2\/categories?post=17211"},{"taxonomy":"post_tag","embeddable":true,"href":"https:\/\/www.formularium.com.br\/inform\/wp-json\/wp\/v2\/tags?post=17211"}],"curies":[{"name":"wp","href":"https:\/\/api.w.org\/{rel}","templated":true}]}}