{"id":15155,"date":"2020-07-08T09:19:21","date_gmt":"2020-07-08T12:19:21","guid":{"rendered":"https:\/\/www.formularium.com.br\/inform\/?p=15155"},"modified":"2020-07-28T13:29:49","modified_gmt":"2020-07-28T16:29:49","slug":"combinacao-contra-a-alopecia-feminina","status":"publish","type":"post","link":"https:\/\/www.formularium.com.br\/inform\/sedap\/combinacao-contra-a-alopecia-feminina\/","title":{"rendered":"Combina\u00e7\u00e3o Contra a Alopecia Feminina"},"content":{"rendered":"<div class=\"swpm-post-not-logged-in-msg\">Voc\u00ea precisa fazer login para visualizar este conte\u00fado.Por favor <a class=\"swpm-login-link\" href=\"https:\/\/formularium.com.br\/inform\/membership-login\/?swpm_redirect_to=https%3A%2F%2Fwww.formularium.com.br%2Finform%2Fwp-json%2Fwp%2Fv2%2Fposts%2F15155\">Log In<\/a>. N\u00e3o \u00e9 um membro? <a href=\"https:\/\/formularium.com.br\/inform\/membership-join\/membership-registration\/\">Junte-se a n\u00f3s<\/a><\/div>","protected":false},"excerpt":{"rendered":"<p>A perda de cabelo pode ter um impacto psicol\u00f3gico negativo significativo tanto em homens como em mulheres, por\u00e9m, as mulheres acabam sofrendo mais que os homens j\u00e1 que o cabelo tem uma relev\u00e2ncia psicol\u00f3gica e social para elas.<\/p>\n","protected":false},"author":1,"featured_media":15164,"comment_status":"closed","ping_status":"open","sticky":false,"template":"","format":"standard","meta":{"inline_featured_image":false,"_joinchat":[],"footnotes":""},"categories":[103,85],"tags":[118,501,695,734,1028,1104,955,775,777,206,699,864],"class_list":["post-15155","post","type-post","status-publish","format-standard","has-post-thumbnail","hentry","category-dermatologia","category-sedap","tag-alopecia","tag-alopecia-feminina","tag-cabelo","tag-escala-de-sinclair","tag-espironolactona","tag-estradiol","tag-keranat","tag-minoxidil","tag-queda","tag-queda-de-cabelo","tag-tratamento","tag-vitamina-d"],"aioseo_notices":[],"aioseo_head":"\n\t\t<!-- All in One SEO 4.9.10 - aioseo.com -->\n\t<meta name=\"description\" content=\"A perda de cabelo pode ter um impacto psicol\u00f3gico negativo significativo tanto em homens como em mulheres, por\u00e9m, as mulheres acabam sofrendo mais que os homens j\u00e1 que o cabelo tem uma relev\u00e2ncia psicol\u00f3gica e social para elas\" \/>\n\t<meta name=\"robots\" content=\"max-image-preview:large\" \/>\n\t<meta name=\"author\" content=\"admin\"\/>\n\t<meta name=\"google-site-verification\" content=\"Zyo5oNy6UywuyfsRVUowfYJfRGYFaIU5dV7dEiliV0\" \/>\n\t<meta name=\"keywords\" content=\"escala de sinclair,queda de cabelo,alopecia feminina,alopecia,cabelo,espironolactona,estradiol,keranat,minoxidil,queda,tratamento,vitamina d\" \/>\n\t<link rel=\"canonical\" href=\"https:\/\/www.formularium.com.br\/inform\/sedap\/combinacao-contra-a-alopecia-feminina\/\" \/>\n\t<meta name=\"generator\" content=\"All in One SEO (AIOSEO) 4.9.10\" \/>\n\t\t<meta property=\"og:locale\" content=\"pt_BR\" \/>\n\t\t<meta property=\"og:site_name\" content=\"Blog Pharm\u00e1cia de Manipula\u00e7\u00e3o Formularium | Blog Pharm\u00e1cia de Manipula\u00e7\u00e3o Formularium\" \/>\n\t\t<meta property=\"og:type\" content=\"article\" \/>\n\t\t<meta property=\"og:title\" content=\"Combina\u00e7\u00e3o Contra a Alopecia Feminina | Formularium\" \/>\n\t\t<meta property=\"og:description\" content=\"A perda de cabelo pode ter um impacto psicol\u00f3gico negativo significativo tanto em homens como em mulheres, por\u00e9m, as mulheres acabam sofrendo mais que os homens j\u00e1 que o cabelo tem uma relev\u00e2ncia psicol\u00f3gica e social para elas\" \/>\n\t\t<meta property=\"og:url\" content=\"https:\/\/www.formularium.com.br\/inform\/sedap\/combinacao-contra-a-alopecia-feminina\/\" \/>\n\t\t<meta property=\"article:published_time\" content=\"2020-07-08T12:19:21+00:00\" \/>\n\t\t<meta property=\"article:modified_time\" content=\"2020-07-28T16:29:49+00:00\" \/>\n\t\t<meta name=\"twitter:card\" content=\"summary\" \/>\n\t\t<meta name=\"twitter:title\" content=\"Combina\u00e7\u00e3o Contra a Alopecia Feminina | Formularium\" \/>\n\t\t<meta name=\"twitter:description\" content=\"A perda de cabelo pode ter um impacto psicol\u00f3gico negativo significativo tanto em homens como em mulheres, por\u00e9m, as mulheres acabam sofrendo mais que os homens j\u00e1 que o cabelo tem uma relev\u00e2ncia psicol\u00f3gica e social para elas\" \/>\n\t\t<script type=\"application\/ld+json\" class=\"aioseo-schema\">\n\t\t\t{\"@context\":\"https:\\\/\\\/schema.org\",\"@graph\":[{\"@type\":\"Article\",\"@id\":\"https:\\\/\\\/www.formularium.com.br\\\/inform\\\/sedap\\\/combinacao-contra-a-alopecia-feminina\\\/#article\",\"name\":\"Combina\\u00e7\\u00e3o Contra a Alopecia Feminina | Formularium\",\"headline\":\"Combina\\u00e7\\u00e3o Contra a Alopecia Feminina\",\"author\":{\"@id\":\"https:\\\/\\\/www.formularium.com.br\\\/inform\\\/author\\\/admin\\\/#author\"},\"publisher\":{\"@id\":\"https:\\\/\\\/www.formularium.com.br\\\/inform\\\/#organization\"},\"image\":{\"@type\":\"ImageObject\",\"url\":\"https:\\\/\\\/www.formularium.com.br\\\/inform\\\/wp-content\\\/uploads\\\/2020\\\/07\\\/capa-alopecia-feminina-01.jpg\",\"width\":767,\"height\":365,\"caption\":\"Combina\\u00e7\\u00e3o Contra a Alopecia Feminina\"},\"datePublished\":\"2020-07-08T09:19:21-03:00\",\"dateModified\":\"2020-07-28T13:29:49-03:00\",\"inLanguage\":\"pt-BR\",\"mainEntityOfPage\":{\"@id\":\"https:\\\/\\\/www.formularium.com.br\\\/inform\\\/sedap\\\/combinacao-contra-a-alopecia-feminina\\\/#webpage\"},\"isPartOf\":{\"@id\":\"https:\\\/\\\/www.formularium.com.br\\\/inform\\\/sedap\\\/combinacao-contra-a-alopecia-feminina\\\/#webpage\"},\"articleSection\":\"Dermatologia, SEDAP, Alopecia, Alopecia feminina, Cabelo, Escala de Sinclair, Espironolactona, Estradiol, Keranat, Minoxidil, Queda, Queda de Cabelo, Tratamento, Vitamina D\"},{\"@type\":\"BreadcrumbList\",\"@id\":\"https:\\\/\\\/www.formularium.com.br\\\/inform\\\/sedap\\\/combinacao-contra-a-alopecia-feminina\\\/#breadcrumblist\",\"itemListElement\":[{\"@type\":\"ListItem\",\"@id\":\"https:\\\/\\\/www.formularium.com.br\\\/inform#listItem\",\"position\":1,\"name\":\"Home\",\"item\":\"https:\\\/\\\/www.formularium.com.br\\\/inform\",\"nextItem\":{\"@type\":\"ListItem\",\"@id\":\"https:\\\/\\\/www.formularium.com.br\\\/inform\\\/categoria\\\/sedap\\\/#listItem\",\"name\":\"SEDAP\"}},{\"@type\":\"ListItem\",\"@id\":\"https:\\\/\\\/www.formularium.com.br\\\/inform\\\/categoria\\\/sedap\\\/#listItem\",\"position\":2,\"name\":\"SEDAP\",\"item\":\"https:\\\/\\\/www.formularium.com.br\\\/inform\\\/categoria\\\/sedap\\\/\",\"nextItem\":{\"@type\":\"ListItem\",\"@id\":\"https:\\\/\\\/www.formularium.com.br\\\/inform\\\/categoria\\\/sedap\\\/dermatologia\\\/#listItem\",\"name\":\"Dermatologia\"},\"previousItem\":{\"@type\":\"ListItem\",\"@id\":\"https:\\\/\\\/www.formularium.com.br\\\/inform#listItem\",\"name\":\"Home\"}},{\"@type\":\"ListItem\",\"@id\":\"https:\\\/\\\/www.formularium.com.br\\\/inform\\\/categoria\\\/sedap\\\/dermatologia\\\/#listItem\",\"position\":3,\"name\":\"Dermatologia\",\"item\":\"https:\\\/\\\/www.formularium.com.br\\\/inform\\\/categoria\\\/sedap\\\/dermatologia\\\/\",\"nextItem\":{\"@type\":\"ListItem\",\"@id\":\"https:\\\/\\\/www.formularium.com.br\\\/inform\\\/sedap\\\/combinacao-contra-a-alopecia-feminina\\\/#listItem\",\"name\":\"Combina\\u00e7\\u00e3o Contra a Alopecia Feminina\"},\"previousItem\":{\"@type\":\"ListItem\",\"@id\":\"https:\\\/\\\/www.formularium.com.br\\\/inform\\\/categoria\\\/sedap\\\/#listItem\",\"name\":\"SEDAP\"}},{\"@type\":\"ListItem\",\"@id\":\"https:\\\/\\\/www.formularium.com.br\\\/inform\\\/sedap\\\/combinacao-contra-a-alopecia-feminina\\\/#listItem\",\"position\":4,\"name\":\"Combina\\u00e7\\u00e3o Contra a Alopecia Feminina\",\"previousItem\":{\"@type\":\"ListItem\",\"@id\":\"https:\\\/\\\/www.formularium.com.br\\\/inform\\\/categoria\\\/sedap\\\/dermatologia\\\/#listItem\",\"name\":\"Dermatologia\"}}]},{\"@type\":\"Organization\",\"@id\":\"https:\\\/\\\/www.formularium.com.br\\\/inform\\\/#organization\",\"name\":\"Pharm\\u00e1cia de Manipula\\u00e7\\u00e3o Formularium\",\"description\":\"Blog Pharm\\u00e1cia de Manipula\\u00e7\\u00e3o Formularium\",\"url\":\"https:\\\/\\\/www.formularium.com.br\\\/inform\\\/\",\"telephone\":\"+551138194490\",\"logo\":{\"@type\":\"ImageObject\",\"url\":\"https:\\\/\\\/www.formularium.com.br\\\/inform\\\/wp-content\\\/uploads\\\/2013\\\/11\\\/logo@2x.png\",\"@id\":\"https:\\\/\\\/www.formularium.com.br\\\/inform\\\/sedap\\\/combinacao-contra-a-alopecia-feminina\\\/#organizationLogo\",\"width\":414,\"height\":140,\"caption\":\"Formularium\"},\"image\":{\"@id\":\"https:\\\/\\\/www.formularium.com.br\\\/inform\\\/sedap\\\/combinacao-contra-a-alopecia-feminina\\\/#organizationLogo\"}},{\"@type\":\"Person\",\"@id\":\"https:\\\/\\\/www.formularium.com.br\\\/inform\\\/author\\\/admin\\\/#author\",\"url\":\"https:\\\/\\\/www.formularium.com.br\\\/inform\\\/author\\\/admin\\\/\",\"name\":\"admin\"},{\"@type\":\"WebPage\",\"@id\":\"https:\\\/\\\/www.formularium.com.br\\\/inform\\\/sedap\\\/combinacao-contra-a-alopecia-feminina\\\/#webpage\",\"url\":\"https:\\\/\\\/www.formularium.com.br\\\/inform\\\/sedap\\\/combinacao-contra-a-alopecia-feminina\\\/\",\"name\":\"Combina\\u00e7\\u00e3o Contra a Alopecia Feminina | Formularium\",\"description\":\"A perda de cabelo pode ter um impacto psicol\\u00f3gico negativo significativo tanto em homens como em mulheres, por\\u00e9m, as mulheres acabam sofrendo mais que os homens j\\u00e1 que o cabelo tem uma relev\\u00e2ncia psicol\\u00f3gica e social para elas\",\"inLanguage\":\"pt-BR\",\"isPartOf\":{\"@id\":\"https:\\\/\\\/www.formularium.com.br\\\/inform\\\/#website\"},\"breadcrumb\":{\"@id\":\"https:\\\/\\\/www.formularium.com.br\\\/inform\\\/sedap\\\/combinacao-contra-a-alopecia-feminina\\\/#breadcrumblist\"},\"author\":{\"@id\":\"https:\\\/\\\/www.formularium.com.br\\\/inform\\\/author\\\/admin\\\/#author\"},\"creator\":{\"@id\":\"https:\\\/\\\/www.formularium.com.br\\\/inform\\\/author\\\/admin\\\/#author\"},\"image\":{\"@type\":\"ImageObject\",\"url\":\"https:\\\/\\\/www.formularium.com.br\\\/inform\\\/wp-content\\\/uploads\\\/2020\\\/07\\\/capa-alopecia-feminina-01.jpg\",\"@id\":\"https:\\\/\\\/www.formularium.com.br\\\/inform\\\/sedap\\\/combinacao-contra-a-alopecia-feminina\\\/#mainImage\",\"width\":767,\"height\":365,\"caption\":\"Combina\\u00e7\\u00e3o Contra a Alopecia Feminina\"},\"primaryImageOfPage\":{\"@id\":\"https:\\\/\\\/www.formularium.com.br\\\/inform\\\/sedap\\\/combinacao-contra-a-alopecia-feminina\\\/#mainImage\"},\"datePublished\":\"2020-07-08T09:19:21-03:00\",\"dateModified\":\"2020-07-28T13:29:49-03:00\"},{\"@type\":\"WebSite\",\"@id\":\"https:\\\/\\\/www.formularium.com.br\\\/inform\\\/#website\",\"url\":\"https:\\\/\\\/www.formularium.com.br\\\/inform\\\/\",\"name\":\"Blog Pharm\\u00e1cia de Manipula\\u00e7\\u00e3o Formularium\",\"alternateName\":\"Formularium\",\"description\":\"Blog Pharm\\u00e1cia de Manipula\\u00e7\\u00e3o Formularium\",\"inLanguage\":\"pt-BR\",\"publisher\":{\"@id\":\"https:\\\/\\\/www.formularium.com.br\\\/inform\\\/#organization\"}}]}\n\t\t<\/script>\n\t\t<!-- All in One SEO -->\n\n","aioseo_head_json":{"title":"Combina\u00e7\u00e3o Contra a Alopecia Feminina | Formularium","description":"A perda de cabelo pode ter um impacto psicol\u00f3gico negativo significativo tanto em homens como em mulheres, por\u00e9m, as mulheres acabam sofrendo mais que os homens j\u00e1 que o cabelo tem uma relev\u00e2ncia psicol\u00f3gica e social para elas","canonical_url":"https:\/\/www.formularium.com.br\/inform\/sedap\/combinacao-contra-a-alopecia-feminina\/","robots":"max-image-preview:large","keywords":"escala de sinclair,queda de cabelo,alopecia feminina,alopecia,cabelo,espironolactona,estradiol,keranat,minoxidil,queda,tratamento,vitamina d","webmasterTools":{"google-site-verification":"Zyo5oNy6UywuyfsRVUowfYJfRGYFaIU5dV7dEiliV0","miscellaneous":""},"schema":{"@context":"https:\/\/schema.org","@graph":[{"@type":"Article","@id":"https:\/\/www.formularium.com.br\/inform\/sedap\/combinacao-contra-a-alopecia-feminina\/#article","name":"Combina\u00e7\u00e3o Contra a Alopecia Feminina | Formularium","headline":"Combina\u00e7\u00e3o Contra a Alopecia Feminina","author":{"@id":"https:\/\/www.formularium.com.br\/inform\/author\/admin\/#author"},"publisher":{"@id":"https:\/\/www.formularium.com.br\/inform\/#organization"},"image":{"@type":"ImageObject","url":"https:\/\/www.formularium.com.br\/inform\/wp-content\/uploads\/2020\/07\/capa-alopecia-feminina-01.jpg","width":767,"height":365,"caption":"Combina\u00e7\u00e3o Contra a Alopecia Feminina"},"datePublished":"2020-07-08T09:19:21-03:00","dateModified":"2020-07-28T13:29:49-03:00","inLanguage":"pt-BR","mainEntityOfPage":{"@id":"https:\/\/www.formularium.com.br\/inform\/sedap\/combinacao-contra-a-alopecia-feminina\/#webpage"},"isPartOf":{"@id":"https:\/\/www.formularium.com.br\/inform\/sedap\/combinacao-contra-a-alopecia-feminina\/#webpage"},"articleSection":"Dermatologia, SEDAP, Alopecia, Alopecia feminina, Cabelo, Escala de Sinclair, Espironolactona, Estradiol, Keranat, Minoxidil, Queda, Queda de Cabelo, Tratamento, Vitamina D"},{"@type":"BreadcrumbList","@id":"https:\/\/www.formularium.com.br\/inform\/sedap\/combinacao-contra-a-alopecia-feminina\/#breadcrumblist","itemListElement":[{"@type":"ListItem","@id":"https:\/\/www.formularium.com.br\/inform#listItem","position":1,"name":"Home","item":"https:\/\/www.formularium.com.br\/inform","nextItem":{"@type":"ListItem","@id":"https:\/\/www.formularium.com.br\/inform\/categoria\/sedap\/#listItem","name":"SEDAP"}},{"@type":"ListItem","@id":"https:\/\/www.formularium.com.br\/inform\/categoria\/sedap\/#listItem","position":2,"name":"SEDAP","item":"https:\/\/www.formularium.com.br\/inform\/categoria\/sedap\/","nextItem":{"@type":"ListItem","@id":"https:\/\/www.formularium.com.br\/inform\/categoria\/sedap\/dermatologia\/#listItem","name":"Dermatologia"},"previousItem":{"@type":"ListItem","@id":"https:\/\/www.formularium.com.br\/inform#listItem","name":"Home"}},{"@type":"ListItem","@id":"https:\/\/www.formularium.com.br\/inform\/categoria\/sedap\/dermatologia\/#listItem","position":3,"name":"Dermatologia","item":"https:\/\/www.formularium.com.br\/inform\/categoria\/sedap\/dermatologia\/","nextItem":{"@type":"ListItem","@id":"https:\/\/www.formularium.com.br\/inform\/sedap\/combinacao-contra-a-alopecia-feminina\/#listItem","name":"Combina\u00e7\u00e3o Contra a Alopecia Feminina"},"previousItem":{"@type":"ListItem","@id":"https:\/\/www.formularium.com.br\/inform\/categoria\/sedap\/#listItem","name":"SEDAP"}},{"@type":"ListItem","@id":"https:\/\/www.formularium.com.br\/inform\/sedap\/combinacao-contra-a-alopecia-feminina\/#listItem","position":4,"name":"Combina\u00e7\u00e3o Contra a Alopecia Feminina","previousItem":{"@type":"ListItem","@id":"https:\/\/www.formularium.com.br\/inform\/categoria\/sedap\/dermatologia\/#listItem","name":"Dermatologia"}}]},{"@type":"Organization","@id":"https:\/\/www.formularium.com.br\/inform\/#organization","name":"Pharm\u00e1cia de Manipula\u00e7\u00e3o Formularium","description":"Blog Pharm\u00e1cia de Manipula\u00e7\u00e3o Formularium","url":"https:\/\/www.formularium.com.br\/inform\/","telephone":"+551138194490","logo":{"@type":"ImageObject","url":"https:\/\/www.formularium.com.br\/inform\/wp-content\/uploads\/2013\/11\/logo@2x.png","@id":"https:\/\/www.formularium.com.br\/inform\/sedap\/combinacao-contra-a-alopecia-feminina\/#organizationLogo","width":414,"height":140,"caption":"Formularium"},"image":{"@id":"https:\/\/www.formularium.com.br\/inform\/sedap\/combinacao-contra-a-alopecia-feminina\/#organizationLogo"}},{"@type":"Person","@id":"https:\/\/www.formularium.com.br\/inform\/author\/admin\/#author","url":"https:\/\/www.formularium.com.br\/inform\/author\/admin\/","name":"admin"},{"@type":"WebPage","@id":"https:\/\/www.formularium.com.br\/inform\/sedap\/combinacao-contra-a-alopecia-feminina\/#webpage","url":"https:\/\/www.formularium.com.br\/inform\/sedap\/combinacao-contra-a-alopecia-feminina\/","name":"Combina\u00e7\u00e3o Contra a Alopecia Feminina | Formularium","description":"A perda de cabelo pode ter um impacto psicol\u00f3gico negativo significativo tanto em homens como em mulheres, por\u00e9m, as mulheres acabam sofrendo mais que os homens j\u00e1 que o cabelo tem uma relev\u00e2ncia psicol\u00f3gica e social para elas","inLanguage":"pt-BR","isPartOf":{"@id":"https:\/\/www.formularium.com.br\/inform\/#website"},"breadcrumb":{"@id":"https:\/\/www.formularium.com.br\/inform\/sedap\/combinacao-contra-a-alopecia-feminina\/#breadcrumblist"},"author":{"@id":"https:\/\/www.formularium.com.br\/inform\/author\/admin\/#author"},"creator":{"@id":"https:\/\/www.formularium.com.br\/inform\/author\/admin\/#author"},"image":{"@type":"ImageObject","url":"https:\/\/www.formularium.com.br\/inform\/wp-content\/uploads\/2020\/07\/capa-alopecia-feminina-01.jpg","@id":"https:\/\/www.formularium.com.br\/inform\/sedap\/combinacao-contra-a-alopecia-feminina\/#mainImage","width":767,"height":365,"caption":"Combina\u00e7\u00e3o Contra a Alopecia Feminina"},"primaryImageOfPage":{"@id":"https:\/\/www.formularium.com.br\/inform\/sedap\/combinacao-contra-a-alopecia-feminina\/#mainImage"},"datePublished":"2020-07-08T09:19:21-03:00","dateModified":"2020-07-28T13:29:49-03:00"},{"@type":"WebSite","@id":"https:\/\/www.formularium.com.br\/inform\/#website","url":"https:\/\/www.formularium.com.br\/inform\/","name":"Blog Pharm\u00e1cia de Manipula\u00e7\u00e3o Formularium","alternateName":"Formularium","description":"Blog Pharm\u00e1cia de Manipula\u00e7\u00e3o Formularium","inLanguage":"pt-BR","publisher":{"@id":"https:\/\/www.formularium.com.br\/inform\/#organization"}}]},"og:locale":"pt_BR","og:site_name":"Blog Pharm\u00e1cia de Manipula\u00e7\u00e3o Formularium | Blog Pharm\u00e1cia de Manipula\u00e7\u00e3o Formularium","og:type":"article","og:title":"Combina\u00e7\u00e3o Contra a Alopecia Feminina | Formularium","og:description":"A perda de cabelo pode ter um impacto psicol\u00f3gico negativo significativo tanto em homens como em mulheres, por\u00e9m, as mulheres acabam sofrendo mais que os homens j\u00e1 que o cabelo tem uma relev\u00e2ncia psicol\u00f3gica e social para elas","og:url":"https:\/\/www.formularium.com.br\/inform\/sedap\/combinacao-contra-a-alopecia-feminina\/","article:published_time":"2020-07-08T12:19:21+00:00","article:modified_time":"2020-07-28T16:29:49+00:00","twitter:card":"summary","twitter:title":"Combina\u00e7\u00e3o Contra a Alopecia Feminina | Formularium","twitter:description":"A perda de cabelo pode ter um impacto psicol\u00f3gico negativo significativo tanto em homens como em mulheres, por\u00e9m, as mulheres acabam sofrendo mais que os homens j\u00e1 que o cabelo tem uma relev\u00e2ncia psicol\u00f3gica e social para elas"},"aioseo_meta_data":{"post_id":"15155","title":null,"description":"A perda de cabelo pode ter um impacto psicol\u00f3gico negativo significativo tanto em homens como em mulheres, por\u00e9m, as mulheres acabam sofrendo mais que os homens j\u00e1 que o cabelo tem uma relev\u00e2ncia psicol\u00f3gica e social para elas","keywords":[{"label":"Escala de Sinclair","value":"Escala de Sinclair"},{"label":"Queda de cabelo","value":"Queda de cabelo"},{"label":"Alopecia Feminina","value":"Alopecia Feminina"}],"keyphrases":null,"primary_term":null,"canonical_url":"","og_title":null,"og_description":null,"og_object_type":"default","og_image_type":"default","og_image_url":null,"og_image_width":null,"og_image_height":null,"og_image_custom_url":null,"og_image_custom_fields":null,"og_video":null,"og_custom_url":null,"og_article_section":null,"og_article_tags":null,"twitter_use_og":false,"twitter_card":"default","twitter_image_type":"default","twitter_image_url":null,"twitter_image_custom_url":null,"twitter_image_custom_fields":null,"twitter_title":null,"twitter_description":null,"schema":{"blockGraphs":[],"customGraphs":[],"default":{"data":{"Article":[],"Course":[],"Dataset":[],"FAQPage":[],"Movie":[],"Person":[],"Product":[],"ProductReview":[],"Car":[],"Recipe":[],"Service":[],"SoftwareApplication":[],"WebPage":[]},"graphName":"","isEnabled":true},"graphs":[],"defaultGraph":"","defaultPostTypeGraph":""},"schema_type":null,"schema_type_options":null,"pillar_content":false,"robots_default":true,"robots_noindex":false,"robots_noarchive":false,"robots_nosnippet":false,"robots_nofollow":false,"robots_noimageindex":false,"robots_noodp":false,"robots_notranslate":false,"robots_max_snippet":null,"robots_max_videopreview":null,"robots_max_imagepreview":"large","priority":null,"frequency":null,"location":null,"local_seo":null,"breadcrumb_settings":null,"limit_modified_date":false,"ai":null,"created":"2020-12-21 12:34:21","updated":"2025-06-11 21:08:09","seo_analyzer_scan_date":null},"_links":{"self":[{"href":"https:\/\/www.formularium.com.br\/inform\/wp-json\/wp\/v2\/posts\/15155","targetHints":{"allow":["GET"]}}],"collection":[{"href":"https:\/\/www.formularium.com.br\/inform\/wp-json\/wp\/v2\/posts"}],"about":[{"href":"https:\/\/www.formularium.com.br\/inform\/wp-json\/wp\/v2\/types\/post"}],"author":[{"embeddable":true,"href":"https:\/\/www.formularium.com.br\/inform\/wp-json\/wp\/v2\/users\/1"}],"replies":[{"embeddable":true,"href":"https:\/\/www.formularium.com.br\/inform\/wp-json\/wp\/v2\/comments?post=15155"}],"version-history":[{"count":0,"href":"https:\/\/www.formularium.com.br\/inform\/wp-json\/wp\/v2\/posts\/15155\/revisions"}],"wp:featuredmedia":[{"embeddable":true,"href":"https:\/\/www.formularium.com.br\/inform\/wp-json\/wp\/v2\/media\/15164"}],"wp:attachment":[{"href":"https:\/\/www.formularium.com.br\/inform\/wp-json\/wp\/v2\/media?parent=15155"}],"wp:term":[{"taxonomy":"category","embeddable":true,"href":"https:\/\/www.formularium.com.br\/inform\/wp-json\/wp\/v2\/categories?post=15155"},{"taxonomy":"post_tag","embeddable":true,"href":"https:\/\/www.formularium.com.br\/inform\/wp-json\/wp\/v2\/tags?post=15155"}],"curies":[{"name":"wp","href":"https:\/\/api.w.org\/{rel}","templated":true}]}}