{"id":15084,"date":"2020-07-01T14:45:53","date_gmt":"2020-07-01T17:45:53","guid":{"rendered":"https:\/\/www.formularium.com.br\/inform\/?p=15084"},"modified":"2020-07-01T14:45:53","modified_gmt":"2020-07-01T17:45:53","slug":"vitamina-d-e-a-covid-19","status":"publish","type":"post","link":"https:\/\/www.formularium.com.br\/inform\/profissionais-da-saude\/vitamina-d-e-a-covid-19\/","title":{"rendered":"Vitamina D e a COVID-19"},"content":{"rendered":"<h2>Pacientes com defici\u00eancia grave t\u00eam duas vezes mais chances de sofrer complica\u00e7\u00f5es graves, incluindo morte<\/h2>\n<h2>O que \u00e9 a vitamina D?<\/h2>\n<p><span style=\"font-weight: 400;\">A vitamina D (colecalciferol) \u00e9 uma subst\u00e2ncia que est\u00e1 envolvida em diversos processos metab\u00f3licos. Ela \u00e9 sintetizada pelo organismo, dando in\u00edcio na pele quando exposta ao sol e \u00e9 finalizada nos rins, sendo um processo constitu\u00eddo de diversas etapas, envolvendo a a\u00e7\u00e3o de algumas enzimas e horm\u00f4nios mas pode ser obtida a partir da dieta e da suplementa\u00e7\u00e3o.<\/span><\/p>\n<h3>Formas nutricionais de vitamina D<\/h3>\n<p><span style=\"font-weight: 400;\"><strong>Existem duas formas nutricionais da Vitamina D<\/strong>: o colecalciferol (D<\/span><span style=\"font-weight: 400;\">3<\/span><span style=\"font-weight: 400;\">), uma subst\u00e2ncia de origem animal e \u00e9 a forma mais importante quanto as fun\u00e7\u00f5es biol\u00f3gicas e nutricionais e o ergocalciferol (D<\/span><span style=\"font-weight: 400;\">2<\/span><span style=\"font-weight: 400;\">), subst\u00e2ncia de origem vegetal, sendo a forma mais importante quanto as fun\u00e7\u00f5es terap\u00eauticas.<\/span><\/p>\n<p><span style=\"font-weight: 400;\">Das fontes naturais ricas em vitamina D<\/span><span style=\"font-weight: 400;\">3<\/span><span style=\"font-weight: 400;\">, pode-se citar os \u00f3leos de f\u00edgado de peixes como bacalhau e atum, f\u00edgado de mam\u00edferos, ovos e produtos l\u00e1cteos e a vitamina D<\/span><span style=\"font-weight: 400;\">2<\/span><span style=\"font-weight: 400;\"> pode ser encontrada em plantas e em cogumelos que podem apresentar um teor entre 30 a 100 \u03bcg de vitamina D2 por 100 g de produto.<\/span><\/p>\n<p><span style=\"font-weight: 400;\">Quando um macr\u00f3fago ou mon\u00f3cito \u00e9 estimulado por um agente infecioso atrav\u00e9s do seu receptor, o sinal gerado regula de forma positiva o receptor de vitamina D e a enzima 25(OH)D 1\u03b1-hidroxilase (1-OHase)<\/span><b>. <\/b><\/p>\n<p><span style=\"font-weight: 400;\">Se verificam n\u00edveis s\u00e9ricos de 25(OH)D na ordem dos 30 ng\/mL ou superiores, esta fornece um substrato suficiente para a atua\u00e7\u00e3o da 1-OHase, permitindo a convers\u00e3o 25 (OH)D em 1,25(OH)2D. E esta forma ativa da vitamina D, quando presente no n\u00facleo, conduz a um aumento da express\u00e3o de um p\u00e9ptido que \u00e9 capaz de promover a imunidade inata e induzir a destrui\u00e7\u00e3o de agentes infeciosos. <\/span><\/p>\n<p><span style=\"font-weight: 400;\">Al\u00e9m disso a 1,25(OH)2D produzida pelos mon\u00f3citos ou macr\u00f3fagos pode atuar a n\u00edvel local, mais precisamente ao n\u00edvel de linf\u00f3citos T ativados ou linf\u00f3citos B onde regula s\u00edntese de citocinas e de imunoglobulinas, respetivamente<\/span><\/p>\n<h2>Entenda como a defici\u00eancia de vitamina D pode estar afetando pacientes com COVID-19<\/h2>\n<p><span style=\"font-weight: 400;\"><a href=\"https:\/\/news.northwestern.edu\/stories\/2020\/05\/vitamin-d-appears-to-play-role-in-covid-19-mortality-rates\/\">Um novo estudo realizado na Universidade Northwestern<\/a> concluiu que, quanto mais baixos os n\u00edveis de vitamina D no sistema do paciente, mais graves ser\u00e3o as complica\u00e7\u00f5es e sintomas desenvolvidos, sendo que os pacientes de pa\u00edses com alta taxa de mortalidade como It\u00e1lia e Espanha, possu\u00edam os n\u00edveis de vitamina D muito mais baixo do que pacientes de outras na\u00e7\u00f5es.<\/span><\/p>\n<p><span style=\"font-weight: 400;\">Os dados utilizados para esse estudo estavam dispon\u00edveis publicamente e em uma analise aprofundada foi revelada a correla\u00e7\u00e3o entre os n\u00edveis de vitamina D e a tempestade de citocinas (uma forma de hiper-inflama\u00e7\u00e3o devido \u00e0 superativa\u00e7\u00e3o do sistema imunol\u00f3gico). Essa tempestade de citocinas causa danos severos aos pulm\u00f5es levando \u00e0 s\u00edndrome aguda respirat\u00f3ria e at\u00e9 mesmo \u00e0 morte da maioria dos pacientes com COVID-19.<\/span><\/p>\n<p>&nbsp;<\/p>\n<p><b>Sugest\u00f5es<\/b><\/p>\n<p><span style=\"font-weight: 400;\">Colecalciferol \u2026&#8230;&#8230;&#8230;&#8230;&#8230;&#8230;&#8230;&#8230;&#8230; 400 UI<\/span><\/p>\n<p><span style=\"font-weight: 400;\">Ve\u00edculo oleoso sublingual qsp \u2026.. 1 gota<\/span><\/p>\n<p>&nbsp;<\/p>\n<p><span style=\"font-weight: 400;\">Colecalciferol \u2026&#8230;&#8230;&#8230;&#8230;&#8230;&#8230;&#8230;&#8230;&#8230; 50000 UI<\/span><\/p>\n<p><span style=\"font-weight: 400;\">Ve\u00edculo suspensor qsp\u00a0 \u2026&#8230;&#8230;&#8230;&#8230;&#8230;&#8230;. 1 ml<\/span><\/p>\n<p>&nbsp;<\/p>\n<p><span style=\"font-weight: 400;\">Colecalciferol \u2026&#8230;&#8230;&#8230;&#8230;&#8230;&#8230;. 400 a 5000 UI<\/span><\/p>\n<p><span style=\"font-weight: 400;\">Excipiente qsp \u2026&#8230;&#8230;&#8230;&#8230;&#8230;&#8230;&#8230;&#8230; 1 c\u00e1psula<\/span><\/p>\n<p>&nbsp;<\/p>\n<p><span style=\"font-weight: 400;\">Refer\u00eancias<\/span><\/p>\n<p><a href=\"https:\/\/bdigital.ufp.pt\/bitstream\/10284\/5301\/1\/PPG_27959.pdf\"><span style=\"font-weight: 400;\">PINHEIRO, T. M. M. <\/span><b>A Import\u00e2ncia Cl\u00ednica da Vitamina D.<\/b><span style=\"font-weight: 400;\"> Faculdade de Ci\u00eancias da Sa\u00fade, Universidade Fernando Pessoa, 2015.<\/span><\/a><\/p>\n<p><span style=\"font-weight: 400;\">Northwestern University. &#8220;<\/span><b>Vitamin D levels appear to play role in COVID-19 mortality rates: Patients with severe deficiency are twice as likely to experience major complications<\/b><span style=\"font-weight: 400;\">.&#8221; ScienceDaily. ScienceDaily, 7 May 2020.<\/span><\/p>\n<p><span style=\"font-weight: 400;\">Garcia, M.T.C. <\/span><i><span style=\"font-weight: 400;\">et al. <\/span><\/i><span style=\"font-weight: 400;\">(1998)<\/span><i><span style=\"font-weight: 400;\">. <\/span><\/i><b>Monografias farmac\u00eauticas.<\/b><span style=\"font-weight: 400;\"> Colegio Oficial de Farmaceuticos de La Provincia de Alicante.<\/span><\/p>\n","protected":false},"excerpt":{"rendered":"<p>Pacientes com defici\u00eancia grave t\u00eam duas vezes mais chances de sofrer complica\u00e7\u00f5es graves, incluindo morte O que \u00e9 a vitamina D? A vitamina D (colecalciferol) \u00e9 uma subst\u00e2ncia que est\u00e1 envolvida em diversos processos metab\u00f3licos. Ela \u00e9 sintetizada pelo organismo, dando in\u00edcio na pele quando exposta ao sol e \u00e9 finalizada nos rins, sendo um processo  [&#8230;]<\/p>\n","protected":false},"author":8,"featured_media":15086,"comment_status":"closed","ping_status":"open","sticky":false,"template":"","format":"standard","meta":{"inline_featured_image":false,"_joinchat":[],"footnotes":""},"categories":[45],"tags":[],"class_list":["post-15084","post","type-post","status-publish","format-standard","has-post-thumbnail","hentry","category-profissionais-da-saude"],"aioseo_notices":[],"aioseo_head":"\n\t\t<!-- All in One SEO 4.9.10 - aioseo.com -->\n\t<meta name=\"description\" content=\"Estudos apontam a rela\u00e7\u00e3o da defici\u00eancia de Vitamina D e \u00e0 complica\u00e7\u00f5es casos mais graves de COVID-19. Entenda.\" \/>\n\t<meta name=\"robots\" content=\"max-image-preview:large\" \/>\n\t<meta name=\"author\" content=\"Autor\"\/>\n\t<meta name=\"google-site-verification\" content=\"Zyo5oNy6UywuyfsRVUowfYJfRGYFaIU5dV7dEiliV0\" \/>\n\t<meta name=\"keywords\" content=\"vitamina d e a covid-19\" \/>\n\t<link rel=\"canonical\" href=\"https:\/\/www.formularium.com.br\/inform\/profissionais-da-saude\/vitamina-d-e-a-covid-19\/\" \/>\n\t<meta name=\"generator\" content=\"All in One SEO (AIOSEO) 4.9.10\" \/>\n\t\t<meta property=\"og:locale\" content=\"pt_BR\" \/>\n\t\t<meta property=\"og:site_name\" content=\"Blog Pharm\u00e1cia de Manipula\u00e7\u00e3o Formularium | Blog Pharm\u00e1cia de Manipula\u00e7\u00e3o Formularium\" \/>\n\t\t<meta property=\"og:type\" content=\"article\" \/>\n\t\t<meta property=\"og:title\" content=\"Vitamina D e a COVID-19 | Formularium\" \/>\n\t\t<meta property=\"og:description\" content=\"Estudos apontam a rela\u00e7\u00e3o da defici\u00eancia de Vitamina D e \u00e0 complica\u00e7\u00f5es casos mais graves de COVID-19. Entenda.\" \/>\n\t\t<meta property=\"og:url\" content=\"https:\/\/www.formularium.com.br\/inform\/profissionais-da-saude\/vitamina-d-e-a-covid-19\/\" \/>\n\t\t<meta property=\"article:published_time\" content=\"2020-07-01T17:45:53+00:00\" \/>\n\t\t<meta property=\"article:modified_time\" content=\"2020-07-01T17:45:53+00:00\" \/>\n\t\t<meta name=\"twitter:card\" content=\"summary\" \/>\n\t\t<meta name=\"twitter:title\" content=\"Vitamina D e a COVID-19 | Formularium\" \/>\n\t\t<meta name=\"twitter:description\" content=\"Estudos apontam a rela\u00e7\u00e3o da defici\u00eancia de Vitamina D e \u00e0 complica\u00e7\u00f5es casos mais graves de COVID-19. Entenda.\" \/>\n\t\t<script type=\"application\/ld+json\" class=\"aioseo-schema\">\n\t\t\t{\"@context\":\"https:\\\/\\\/schema.org\",\"@graph\":[{\"@type\":\"Article\",\"@id\":\"https:\\\/\\\/www.formularium.com.br\\\/inform\\\/profissionais-da-saude\\\/vitamina-d-e-a-covid-19\\\/#article\",\"name\":\"Vitamina D e a COVID-19 | Formularium\",\"headline\":\"Vitamina D e a COVID-19\",\"author\":{\"@id\":\"https:\\\/\\\/www.formularium.com.br\\\/inform\\\/author\\\/louise\\\/#author\"},\"publisher\":{\"@id\":\"https:\\\/\\\/www.formularium.com.br\\\/inform\\\/#organization\"},\"image\":{\"@type\":\"ImageObject\",\"url\":\"https:\\\/\\\/www.formularium.com.br\\\/inform\\\/wp-content\\\/uploads\\\/2020\\\/07\\\/006.jpg\",\"width\":800,\"height\":535,\"caption\":\"rela\\u00e7\\u00e3o da Vitamina D com complica\\u00e7\\u00f5es no COVID-19\"},\"datePublished\":\"2020-07-01T14:45:53-03:00\",\"dateModified\":\"2020-07-01T14:45:53-03:00\",\"inLanguage\":\"pt-BR\",\"mainEntityOfPage\":{\"@id\":\"https:\\\/\\\/www.formularium.com.br\\\/inform\\\/profissionais-da-saude\\\/vitamina-d-e-a-covid-19\\\/#webpage\"},\"isPartOf\":{\"@id\":\"https:\\\/\\\/www.formularium.com.br\\\/inform\\\/profissionais-da-saude\\\/vitamina-d-e-a-covid-19\\\/#webpage\"},\"articleSection\":\"Profissionais da Sa\\u00fade\"},{\"@type\":\"BreadcrumbList\",\"@id\":\"https:\\\/\\\/www.formularium.com.br\\\/inform\\\/profissionais-da-saude\\\/vitamina-d-e-a-covid-19\\\/#breadcrumblist\",\"itemListElement\":[{\"@type\":\"ListItem\",\"@id\":\"https:\\\/\\\/www.formularium.com.br\\\/inform#listItem\",\"position\":1,\"name\":\"Home\",\"item\":\"https:\\\/\\\/www.formularium.com.br\\\/inform\",\"nextItem\":{\"@type\":\"ListItem\",\"@id\":\"https:\\\/\\\/www.formularium.com.br\\\/inform\\\/categoria\\\/profissionais-da-saude\\\/#listItem\",\"name\":\"Profissionais da Sa\\u00fade\"}},{\"@type\":\"ListItem\",\"@id\":\"https:\\\/\\\/www.formularium.com.br\\\/inform\\\/categoria\\\/profissionais-da-saude\\\/#listItem\",\"position\":2,\"name\":\"Profissionais da Sa\\u00fade\",\"item\":\"https:\\\/\\\/www.formularium.com.br\\\/inform\\\/categoria\\\/profissionais-da-saude\\\/\",\"nextItem\":{\"@type\":\"ListItem\",\"@id\":\"https:\\\/\\\/www.formularium.com.br\\\/inform\\\/profissionais-da-saude\\\/vitamina-d-e-a-covid-19\\\/#listItem\",\"name\":\"Vitamina D e a COVID-19\"},\"previousItem\":{\"@type\":\"ListItem\",\"@id\":\"https:\\\/\\\/www.formularium.com.br\\\/inform#listItem\",\"name\":\"Home\"}},{\"@type\":\"ListItem\",\"@id\":\"https:\\\/\\\/www.formularium.com.br\\\/inform\\\/profissionais-da-saude\\\/vitamina-d-e-a-covid-19\\\/#listItem\",\"position\":3,\"name\":\"Vitamina D e a COVID-19\",\"previousItem\":{\"@type\":\"ListItem\",\"@id\":\"https:\\\/\\\/www.formularium.com.br\\\/inform\\\/categoria\\\/profissionais-da-saude\\\/#listItem\",\"name\":\"Profissionais da Sa\\u00fade\"}}]},{\"@type\":\"Organization\",\"@id\":\"https:\\\/\\\/www.formularium.com.br\\\/inform\\\/#organization\",\"name\":\"Pharm\\u00e1cia de Manipula\\u00e7\\u00e3o Formularium\",\"description\":\"Blog Pharm\\u00e1cia de Manipula\\u00e7\\u00e3o Formularium\",\"url\":\"https:\\\/\\\/www.formularium.com.br\\\/inform\\\/\",\"telephone\":\"+551138194490\",\"logo\":{\"@type\":\"ImageObject\",\"url\":\"https:\\\/\\\/www.formularium.com.br\\\/inform\\\/wp-content\\\/uploads\\\/2013\\\/11\\\/logo@2x.png\",\"@id\":\"https:\\\/\\\/www.formularium.com.br\\\/inform\\\/profissionais-da-saude\\\/vitamina-d-e-a-covid-19\\\/#organizationLogo\",\"width\":414,\"height\":140,\"caption\":\"Formularium\"},\"image\":{\"@id\":\"https:\\\/\\\/www.formularium.com.br\\\/inform\\\/profissionais-da-saude\\\/vitamina-d-e-a-covid-19\\\/#organizationLogo\"}},{\"@type\":\"Person\",\"@id\":\"https:\\\/\\\/www.formularium.com.br\\\/inform\\\/author\\\/louise\\\/#author\",\"url\":\"https:\\\/\\\/www.formularium.com.br\\\/inform\\\/author\\\/louise\\\/\",\"name\":\"Autor\"},{\"@type\":\"WebPage\",\"@id\":\"https:\\\/\\\/www.formularium.com.br\\\/inform\\\/profissionais-da-saude\\\/vitamina-d-e-a-covid-19\\\/#webpage\",\"url\":\"https:\\\/\\\/www.formularium.com.br\\\/inform\\\/profissionais-da-saude\\\/vitamina-d-e-a-covid-19\\\/\",\"name\":\"Vitamina D e a COVID-19 | Formularium\",\"description\":\"Estudos apontam a rela\\u00e7\\u00e3o da defici\\u00eancia de Vitamina D e \\u00e0 complica\\u00e7\\u00f5es casos mais graves de COVID-19. Entenda.\",\"inLanguage\":\"pt-BR\",\"isPartOf\":{\"@id\":\"https:\\\/\\\/www.formularium.com.br\\\/inform\\\/#website\"},\"breadcrumb\":{\"@id\":\"https:\\\/\\\/www.formularium.com.br\\\/inform\\\/profissionais-da-saude\\\/vitamina-d-e-a-covid-19\\\/#breadcrumblist\"},\"author\":{\"@id\":\"https:\\\/\\\/www.formularium.com.br\\\/inform\\\/author\\\/louise\\\/#author\"},\"creator\":{\"@id\":\"https:\\\/\\\/www.formularium.com.br\\\/inform\\\/author\\\/louise\\\/#author\"},\"image\":{\"@type\":\"ImageObject\",\"url\":\"https:\\\/\\\/www.formularium.com.br\\\/inform\\\/wp-content\\\/uploads\\\/2020\\\/07\\\/006.jpg\",\"@id\":\"https:\\\/\\\/www.formularium.com.br\\\/inform\\\/profissionais-da-saude\\\/vitamina-d-e-a-covid-19\\\/#mainImage\",\"width\":800,\"height\":535,\"caption\":\"rela\\u00e7\\u00e3o da Vitamina D com complica\\u00e7\\u00f5es no COVID-19\"},\"primaryImageOfPage\":{\"@id\":\"https:\\\/\\\/www.formularium.com.br\\\/inform\\\/profissionais-da-saude\\\/vitamina-d-e-a-covid-19\\\/#mainImage\"},\"datePublished\":\"2020-07-01T14:45:53-03:00\",\"dateModified\":\"2020-07-01T14:45:53-03:00\"},{\"@type\":\"WebSite\",\"@id\":\"https:\\\/\\\/www.formularium.com.br\\\/inform\\\/#website\",\"url\":\"https:\\\/\\\/www.formularium.com.br\\\/inform\\\/\",\"name\":\"Blog Pharm\\u00e1cia de Manipula\\u00e7\\u00e3o Formularium\",\"alternateName\":\"Formularium\",\"description\":\"Blog Pharm\\u00e1cia de Manipula\\u00e7\\u00e3o Formularium\",\"inLanguage\":\"pt-BR\",\"publisher\":{\"@id\":\"https:\\\/\\\/www.formularium.com.br\\\/inform\\\/#organization\"}}]}\n\t\t<\/script>\n\t\t<!-- All in One SEO -->\n\n","aioseo_head_json":{"title":"Vitamina D e a COVID-19 | Formularium","description":"Estudos apontam a rela\u00e7\u00e3o da defici\u00eancia de Vitamina D e \u00e0 complica\u00e7\u00f5es casos mais graves de COVID-19. Entenda.","canonical_url":"https:\/\/www.formularium.com.br\/inform\/profissionais-da-saude\/vitamina-d-e-a-covid-19\/","robots":"max-image-preview:large","keywords":"vitamina d e a covid-19","webmasterTools":{"google-site-verification":"Zyo5oNy6UywuyfsRVUowfYJfRGYFaIU5dV7dEiliV0","miscellaneous":""},"schema":{"@context":"https:\/\/schema.org","@graph":[{"@type":"Article","@id":"https:\/\/www.formularium.com.br\/inform\/profissionais-da-saude\/vitamina-d-e-a-covid-19\/#article","name":"Vitamina D e a COVID-19 | Formularium","headline":"Vitamina D e a COVID-19","author":{"@id":"https:\/\/www.formularium.com.br\/inform\/author\/louise\/#author"},"publisher":{"@id":"https:\/\/www.formularium.com.br\/inform\/#organization"},"image":{"@type":"ImageObject","url":"https:\/\/www.formularium.com.br\/inform\/wp-content\/uploads\/2020\/07\/006.jpg","width":800,"height":535,"caption":"rela\u00e7\u00e3o da Vitamina D com complica\u00e7\u00f5es no COVID-19"},"datePublished":"2020-07-01T14:45:53-03:00","dateModified":"2020-07-01T14:45:53-03:00","inLanguage":"pt-BR","mainEntityOfPage":{"@id":"https:\/\/www.formularium.com.br\/inform\/profissionais-da-saude\/vitamina-d-e-a-covid-19\/#webpage"},"isPartOf":{"@id":"https:\/\/www.formularium.com.br\/inform\/profissionais-da-saude\/vitamina-d-e-a-covid-19\/#webpage"},"articleSection":"Profissionais da Sa\u00fade"},{"@type":"BreadcrumbList","@id":"https:\/\/www.formularium.com.br\/inform\/profissionais-da-saude\/vitamina-d-e-a-covid-19\/#breadcrumblist","itemListElement":[{"@type":"ListItem","@id":"https:\/\/www.formularium.com.br\/inform#listItem","position":1,"name":"Home","item":"https:\/\/www.formularium.com.br\/inform","nextItem":{"@type":"ListItem","@id":"https:\/\/www.formularium.com.br\/inform\/categoria\/profissionais-da-saude\/#listItem","name":"Profissionais da Sa\u00fade"}},{"@type":"ListItem","@id":"https:\/\/www.formularium.com.br\/inform\/categoria\/profissionais-da-saude\/#listItem","position":2,"name":"Profissionais da Sa\u00fade","item":"https:\/\/www.formularium.com.br\/inform\/categoria\/profissionais-da-saude\/","nextItem":{"@type":"ListItem","@id":"https:\/\/www.formularium.com.br\/inform\/profissionais-da-saude\/vitamina-d-e-a-covid-19\/#listItem","name":"Vitamina D e a COVID-19"},"previousItem":{"@type":"ListItem","@id":"https:\/\/www.formularium.com.br\/inform#listItem","name":"Home"}},{"@type":"ListItem","@id":"https:\/\/www.formularium.com.br\/inform\/profissionais-da-saude\/vitamina-d-e-a-covid-19\/#listItem","position":3,"name":"Vitamina D e a COVID-19","previousItem":{"@type":"ListItem","@id":"https:\/\/www.formularium.com.br\/inform\/categoria\/profissionais-da-saude\/#listItem","name":"Profissionais da Sa\u00fade"}}]},{"@type":"Organization","@id":"https:\/\/www.formularium.com.br\/inform\/#organization","name":"Pharm\u00e1cia de Manipula\u00e7\u00e3o Formularium","description":"Blog Pharm\u00e1cia de Manipula\u00e7\u00e3o Formularium","url":"https:\/\/www.formularium.com.br\/inform\/","telephone":"+551138194490","logo":{"@type":"ImageObject","url":"https:\/\/www.formularium.com.br\/inform\/wp-content\/uploads\/2013\/11\/logo@2x.png","@id":"https:\/\/www.formularium.com.br\/inform\/profissionais-da-saude\/vitamina-d-e-a-covid-19\/#organizationLogo","width":414,"height":140,"caption":"Formularium"},"image":{"@id":"https:\/\/www.formularium.com.br\/inform\/profissionais-da-saude\/vitamina-d-e-a-covid-19\/#organizationLogo"}},{"@type":"Person","@id":"https:\/\/www.formularium.com.br\/inform\/author\/louise\/#author","url":"https:\/\/www.formularium.com.br\/inform\/author\/louise\/","name":"Autor"},{"@type":"WebPage","@id":"https:\/\/www.formularium.com.br\/inform\/profissionais-da-saude\/vitamina-d-e-a-covid-19\/#webpage","url":"https:\/\/www.formularium.com.br\/inform\/profissionais-da-saude\/vitamina-d-e-a-covid-19\/","name":"Vitamina D e a COVID-19 | Formularium","description":"Estudos apontam a rela\u00e7\u00e3o da defici\u00eancia de Vitamina D e \u00e0 complica\u00e7\u00f5es casos mais graves de COVID-19. Entenda.","inLanguage":"pt-BR","isPartOf":{"@id":"https:\/\/www.formularium.com.br\/inform\/#website"},"breadcrumb":{"@id":"https:\/\/www.formularium.com.br\/inform\/profissionais-da-saude\/vitamina-d-e-a-covid-19\/#breadcrumblist"},"author":{"@id":"https:\/\/www.formularium.com.br\/inform\/author\/louise\/#author"},"creator":{"@id":"https:\/\/www.formularium.com.br\/inform\/author\/louise\/#author"},"image":{"@type":"ImageObject","url":"https:\/\/www.formularium.com.br\/inform\/wp-content\/uploads\/2020\/07\/006.jpg","@id":"https:\/\/www.formularium.com.br\/inform\/profissionais-da-saude\/vitamina-d-e-a-covid-19\/#mainImage","width":800,"height":535,"caption":"rela\u00e7\u00e3o da Vitamina D com complica\u00e7\u00f5es no COVID-19"},"primaryImageOfPage":{"@id":"https:\/\/www.formularium.com.br\/inform\/profissionais-da-saude\/vitamina-d-e-a-covid-19\/#mainImage"},"datePublished":"2020-07-01T14:45:53-03:00","dateModified":"2020-07-01T14:45:53-03:00"},{"@type":"WebSite","@id":"https:\/\/www.formularium.com.br\/inform\/#website","url":"https:\/\/www.formularium.com.br\/inform\/","name":"Blog Pharm\u00e1cia de Manipula\u00e7\u00e3o Formularium","alternateName":"Formularium","description":"Blog Pharm\u00e1cia de Manipula\u00e7\u00e3o Formularium","inLanguage":"pt-BR","publisher":{"@id":"https:\/\/www.formularium.com.br\/inform\/#organization"}}]},"og:locale":"pt_BR","og:site_name":"Blog Pharm\u00e1cia de Manipula\u00e7\u00e3o Formularium | Blog Pharm\u00e1cia de Manipula\u00e7\u00e3o Formularium","og:type":"article","og:title":"Vitamina D e a COVID-19 | Formularium","og:description":"Estudos apontam a rela\u00e7\u00e3o da defici\u00eancia de Vitamina D e \u00e0 complica\u00e7\u00f5es casos mais graves de COVID-19. Entenda.","og:url":"https:\/\/www.formularium.com.br\/inform\/profissionais-da-saude\/vitamina-d-e-a-covid-19\/","article:published_time":"2020-07-01T17:45:53+00:00","article:modified_time":"2020-07-01T17:45:53+00:00","twitter:card":"summary","twitter:title":"Vitamina D e a COVID-19 | Formularium","twitter:description":"Estudos apontam a rela\u00e7\u00e3o da defici\u00eancia de Vitamina D e \u00e0 complica\u00e7\u00f5es casos mais graves de COVID-19. Entenda."},"aioseo_meta_data":{"post_id":"15084","title":"Vitamina D e a COVID-19 | Formularium","description":"Estudos apontam a rela\u00e7\u00e3o da defici\u00eancia de Vitamina D e \u00e0 complica\u00e7\u00f5es casos mais graves de  COVID-19. Entenda.","keywords":[{"label":"Vitamina D e a COVID-19","value":"Vitamina D e a COVID-19"}],"keyphrases":null,"primary_term":null,"canonical_url":null,"og_title":null,"og_description":null,"og_object_type":"default","og_image_type":"default","og_image_url":null,"og_image_width":null,"og_image_height":null,"og_image_custom_url":null,"og_image_custom_fields":null,"og_video":null,"og_custom_url":null,"og_article_section":null,"og_article_tags":null,"twitter_use_og":false,"twitter_card":"default","twitter_image_type":"default","twitter_image_url":null,"twitter_image_custom_url":null,"twitter_image_custom_fields":null,"twitter_title":null,"twitter_description":null,"schema":{"blockGraphs":[],"customGraphs":[],"default":{"data":{"Article":[],"Course":[],"Dataset":[],"FAQPage":[],"Movie":[],"Person":[],"Product":[],"ProductReview":[],"Car":[],"Recipe":[],"Service":[],"SoftwareApplication":[],"WebPage":[]},"graphName":"","isEnabled":true},"graphs":[]},"schema_type":null,"schema_type_options":null,"pillar_content":false,"robots_default":true,"robots_noindex":false,"robots_noarchive":false,"robots_nosnippet":false,"robots_nofollow":false,"robots_noimageindex":false,"robots_noodp":false,"robots_notranslate":false,"robots_max_snippet":null,"robots_max_videopreview":null,"robots_max_imagepreview":"large","priority":null,"frequency":null,"location":null,"local_seo":null,"breadcrumb_settings":null,"limit_modified_date":false,"ai":null,"created":"2020-12-21 12:34:22","updated":"2025-06-11 21:08:08","seo_analyzer_scan_date":null},"_links":{"self":[{"href":"https:\/\/www.formularium.com.br\/inform\/wp-json\/wp\/v2\/posts\/15084","targetHints":{"allow":["GET"]}}],"collection":[{"href":"https:\/\/www.formularium.com.br\/inform\/wp-json\/wp\/v2\/posts"}],"about":[{"href":"https:\/\/www.formularium.com.br\/inform\/wp-json\/wp\/v2\/types\/post"}],"author":[{"embeddable":true,"href":"https:\/\/www.formularium.com.br\/inform\/wp-json\/wp\/v2\/users\/8"}],"replies":[{"embeddable":true,"href":"https:\/\/www.formularium.com.br\/inform\/wp-json\/wp\/v2\/comments?post=15084"}],"version-history":[{"count":0,"href":"https:\/\/www.formularium.com.br\/inform\/wp-json\/wp\/v2\/posts\/15084\/revisions"}],"wp:featuredmedia":[{"embeddable":true,"href":"https:\/\/www.formularium.com.br\/inform\/wp-json\/wp\/v2\/media\/15086"}],"wp:attachment":[{"href":"https:\/\/www.formularium.com.br\/inform\/wp-json\/wp\/v2\/media?parent=15084"}],"wp:term":[{"taxonomy":"category","embeddable":true,"href":"https:\/\/www.formularium.com.br\/inform\/wp-json\/wp\/v2\/categories?post=15084"},{"taxonomy":"post_tag","embeddable":true,"href":"https:\/\/www.formularium.com.br\/inform\/wp-json\/wp\/v2\/tags?post=15084"}],"curies":[{"name":"wp","href":"https:\/\/api.w.org\/{rel}","templated":true}]}}