{"id":14607,"date":"2020-02-28T11:05:14","date_gmt":"2020-02-28T14:05:14","guid":{"rendered":"https:\/\/www.formularium.com.br\/inform\/?p=14607"},"modified":"2020-02-28T11:10:59","modified_gmt":"2020-02-28T14:10:59","slug":"sindrome-da-disfuncao-cognitiva-em-caes","status":"publish","type":"post","link":"https:\/\/www.formularium.com.br\/inform\/sem-categoria\/sindrome-da-disfuncao-cognitiva-em-caes\/","title":{"rendered":"S\u00edndrome da Disfun\u00e7\u00e3o Cognitiva em C\u00e3es"},"content":{"rendered":"<h4>Suplementos Antioxidantes Eficazes<\/h4>\n<h2>Disfun\u00e7\u00e3o Cognitiva<\/h2>\n<h3>Uso de Suplementos Antioxidantes<\/h3>\n<\/p>\n<div class=\"table-1\">\n<table width=\"100%\">\n<tbody>\n<tr>\n<td style=\"text-align: center;\" width=\"50%\">\n<h4>S\u00edndrome da Disfun\u00e7\u00e3o Cognitiva<\/h4>\n<\/td>\n<td style=\"text-align: center;\" width=\"50%\">O animal apresenta sinais comportamentais causados pelos efeitos do envelhecimento no c\u00e9rebro.<\/td>\n<\/tr>\n<\/tbody>\n<\/table>\n<\/div>\n<p>\n<p>O diagn\u00f3stico \u00e9 feito por exclus\u00e3o de outros problemas m\u00e9dicos que apresentam sinais compat\u00edveis, como comprometimento da fun\u00e7\u00e3o cognitiva (Landsberg et al., 2004).<\/p>\n<h4>Altera\u00e7\u00f5es Diet\u00e9ticas na S\u00edndrome da Disfun\u00e7\u00e3o Cognitiva<\/h4>\n<p>O decl\u00ednio da fun\u00e7\u00e3o cognitiva que acompanha o envelhecimento em c\u00e3es pode ter uma base biol\u00f3gica, e muitos dos dist\u00farbios associados podem ser prevenidos por modifica\u00e7\u00f5es diet\u00e9ticas que incorporam nutrac\u00eauticos espec\u00edficos.<\/p>\n<h3>C\u00e9rebro de C\u00e3es Idosos<\/h3>\n<\/p>\n<div class=\"table-1\">\n<table border=\"1\" width=\"100%\">\n<tbody>\n<tr>\n<td style=\"text-align: center;\">Dano oxidativo a prote\u00ednas e lip\u00eddios<\/td>\n<td style=\"text-align: center;\" rowspan=\"5\"><img decoding=\"async\" class=\"lazyload aligncenter size-full wp-image-14609\" src=\"https:\/\/www.formularium.com.br\/inform\/wp-content\/uploads\/2020\/02\/antioxidantes-02.jpg\" data-orig-src=\"https:\/\/www.formularium.com.br\/inform\/wp-content\/uploads\/2020\/02\/antioxidantes-02.jpg\" alt=\"S\u00edndrome da Disfun\u00e7\u00e3o Cognitiva em C\u00e3es\" width=\"300\" height=\"236\" srcset=\"data:image\/svg+xml,%3Csvg%20xmlns%3D%27http%3A%2F%2Fwww.w3.org%2F2000%2Fsvg%27%20width%3D%27300%27%20height%3D%27236%27%20viewBox%3D%270%200%20300%20236%27%3E%3Crect%20width%3D%27300%27%20height%3D%27236%27%20fill-opacity%3D%220%22%2F%3E%3C%2Fsvg%3E\" data-srcset=\"https:\/\/www.formularium.com.br\/inform\/wp-content\/uploads\/2020\/02\/antioxidantes-02-200x157.jpg 200w, https:\/\/www.formularium.com.br\/inform\/wp-content\/uploads\/2020\/02\/antioxidantes-02.jpg 300w\" data-sizes=\"auto\" data-orig-sizes=\"(max-width: 300px) 100vw, 300px\" \/><\/td>\n<\/tr>\n<tr>\n<td style=\"text-align: center;\">Falta de enzimas antioxidantes compensat\u00f3rias<\/td>\n<\/tr>\n<tr>\n<td style=\"text-align: center;\"><i class=\"wp-svg-arrow-down-2 arrow-down-2\"><\/i><\/td>\n<\/tr>\n<tr>\n<td style=\"text-align: center;\">Modifica\u00e7\u00f5es prejudiciais a macromol\u00e9culas importantes dentro dos neur\u00f4nios<\/td>\n<\/tr>\n<tr>\n<td style=\"text-align: center;\">Disfun\u00e7\u00e3o de c\u00e9lulas neuronais<\/td>\n<\/tr>\n<\/tbody>\n<\/table>\n<\/div>\n<p>\n<p><strong>Reduzindo o dano oxidativo por meio de ingredientes alimentares ricos em um amplo espectro de antioxidantes melhora significativamente, ou retarda, o decl\u00ednio de aprendizagem e mem\u00f3ria em c\u00e3es idosos.<\/strong><\/p>\n<h2>Estudo Comprova<\/h2>\n<h4>Suplementa\u00e7\u00e3o Antioxidante Melhora a Cogni\u00e7\u00e3o<\/h4>\n<\/p>\n<div class=\"table-1\">\n<table border=\"1\" width=\"100%\">\n<tbody>\n<tr>\n<td style=\"text-align: center;\">Fosfatidilserina<\/td>\n<td>\n<p class=\"p1\"><span class=\"s1\">Melhora as intera\u00e7\u00f5es sociais, a recupera\u00e7\u00e3o da mem\u00f3ria, e a atividade em seres humanos e roedores;<\/span><\/p>\n<\/td>\n<\/tr>\n<tr>\n<td style=\"text-align: center;\"><em>Ginkgo biloba<\/em><\/td>\n<td>Promove a reten\u00e7\u00e3o de curto prazo da mem\u00f3ria espacial e melhora a fun\u00e7\u00e3o cognitiva nos seres humanos e animais idosos;<\/td>\n<\/tr>\n<tr>\n<td style=\"text-align: center;\">Vitamina E<\/td>\n<td>Ingrediente chave na dieta antioxidante em c\u00e3es. Os n\u00edveis sangu\u00edneos de vitamina E foram correlacionados com a melhora cognitiva em testes neuropsicol\u00f3gicos caninos (Araujo <em>et al.,<\/em> 2008).<\/td>\n<\/tr>\n<\/tbody>\n<\/table>\n<\/div>\n<p>\n<h2>Estudo<\/h2>\n<p>Um estudo avaliou a suplementa\u00e7\u00e3o associada de fosfatidilserina, <em>Ginkgo biloba<\/em>, piridoxina e vitamina E em beagles idosos na melhora da fun\u00e7\u00e3o cognitiva (Araujo <em>et al.,<\/em> 2008).<\/p>\n<\/p>\n<div class=\"table-1\">\n<table width=\"100%\">\n<tbody>\n<tr>\n<td style=\"text-align: center;\" colspan=\"2\">Os c\u00e3es foram divididos em dois grupos para receberem:<\/td>\n<\/tr>\n<tr>\n<td style=\"text-align: center;\" width=\"50%\"><i class=\"wp-svg-arrow-down-2 arrow-down-2\"><\/i><\/td>\n<td style=\"text-align: center;\" width=\"50%\"><i class=\"wp-svg-arrow-down-2 arrow-down-2\"><\/i><\/td>\n<\/tr>\n<tr>\n<td style=\"text-align: center;\"><strong>Grupo 1 <\/strong><br \/>\nFosfatidilserina 25 mg<br \/>\nGinkgo biloba 50 mg<br \/>\nPiridoxina 20,5 mg<br \/>\nVitamina E 33,5 mg<br \/>\n1 c\u00e1psula a cada 5 kg de peso corporal ao dia<\/td>\n<td style=\"text-align: center;\"><strong>Grupo 2 <\/strong><br \/>\nPlacebo<\/td>\n<\/tr>\n<\/tbody>\n<\/table>\n<\/div>\n<p>\n<h3>Resultados:<\/h3>\n<ul>\n<li>A precis\u00e3o do desempenho no teste neuropsicol\u00f3gico foi significativamente melhorada em c\u00e3es do grupo 1 comparado ao controle e o efeito foi duradouro.<\/li>\n<\/ul>\n<p><strong>Esses achados sugerem que o suplemento nutrac\u00eautico pode melhorar a mem\u00f3ria em c\u00e3es idosos.<\/strong><\/p>\n<h2>Formul\u00e1rio<\/h2>\n<h4>Formula\u00e7\u00f5es Antioxidantes<\/h4>\n<h3>Associa\u00e7\u00e3o Nutrac\u00eautica<\/h3>\n<p><div class=\"fusion-fullwidth fullwidth-box fusion-builder-row-1 nonhundred-percent-fullwidth non-hundred-percent-height-scrolling\" style=\"--awb-border-radius-top-left:0px;--awb-border-radius-top-right:0px;--awb-border-radius-bottom-right:0px;--awb-border-radius-bottom-left:0px;--awb-padding-right:20px;--awb-padding-bottom:18px;--awb-padding-left:20px;--awb-margin-top:5px;--awb-background-color:#e8e8e8;--awb-flex-wrap:wrap;\" ><br \/>\nFosfatidilserina&#8230;&#8230;&#8230;&#8230;&#8230;&#8230;&#8230;&#8230;&#8230;&#8230;&#8230;.25 mg<br \/>\n<em>Ginkgo biloba<\/em> Ext&#8230;&#8230;&#8230;&#8230;&#8230;&#8230;&#8230;&#8230;&#8230;..50 mg<br \/>\nPiridoxina&#8230;&#8230;&#8230;&#8230;&#8230;&#8230;&#8230;&#8230;&#8230;&#8230;&#8230;&#8230;&#8230;20,5 mg<br \/>\nVitamina E&#8230;&#8230;&#8230;&#8230;&#8230;&#8230;&#8230;&#8230;&#8230;&#8230;&#8230;&#8230;..33,5 mg<br \/>\nPasta de Oliva qsp&#8230;&#8230;&#8230;&#8230;&#8230;&#8230;&#8230;&#8230;1 Sache\u0302<div class=\"fusion-builder-row fusion-row\"><\/div><\/div><br \/>\nAdministrar 1 sach\u00ea a cada 5 kg de peso do animal ou conforme orienta\u00e7\u00e3o do m\u00e9dico veterin\u00e1rio.<\/p>\n<h3>Associa\u00e7\u00e3o Nutrac\u00eautica<\/h3>\n<p><div class=\"fusion-fullwidth fullwidth-box fusion-builder-row-2 nonhundred-percent-fullwidth non-hundred-percent-height-scrolling\" style=\"--awb-border-radius-top-left:0px;--awb-border-radius-top-right:0px;--awb-border-radius-bottom-right:0px;--awb-border-radius-bottom-left:0px;--awb-padding-right:20px;--awb-padding-bottom:18px;--awb-padding-left:20px;--awb-margin-top:5px;--awb-background-color:#e8e8e8;--awb-flex-wrap:wrap;\" ><br \/>\nFosfatidilserina&#8230;&#8230;&#8230;&#8230;&#8230;&#8230;&#8230;&#8230;&#8230;&#8230;&#8230;.25 mg<br \/>\n<em>Ginkgo biloba<\/em> Ext&#8230;&#8230;&#8230;&#8230;&#8230;&#8230;&#8230;&#8230;&#8230;..50 mg<br \/>\nPiridoxina&#8230;&#8230;&#8230;&#8230;&#8230;&#8230;&#8230;&#8230;&#8230;&#8230;&#8230;&#8230;&#8230;20,5 mg<br \/>\nVitamina E&#8230;&#8230;&#8230;&#8230;&#8230;&#8230;&#8230;&#8230;&#8230;&#8230;&#8230;&#8230;..33,5 mg<br \/>\nPasta Aromatizada qsp&#8230;&#8230;&#8230;&#8230;&#8230;&#8230;1 Sache\u0302<div class=\"fusion-builder-row fusion-row\"><\/div><\/div><br \/>\nAdministrar 1 sach\u00ea a cada 5 kg de peso do animal ou conforme orienta\u00e7\u00e3o do m\u00e9dico veterin\u00e1rio.<\/p>\n<h3>C\u00e1psula de SAMe<\/h3>\n<p><div class=\"fusion-fullwidth fullwidth-box fusion-builder-row-3 nonhundred-percent-fullwidth non-hundred-percent-height-scrolling\" style=\"--awb-border-radius-top-left:0px;--awb-border-radius-top-right:0px;--awb-border-radius-bottom-right:0px;--awb-border-radius-bottom-left:0px;--awb-padding-right:20px;--awb-padding-bottom:18px;--awb-padding-left:20px;--awb-margin-top:5px;--awb-background-color:#e8e8e8;--awb-flex-wrap:wrap;\" ><br \/>\nSAMe&#8230;&#8230;&#8230;&#8230;&#8230;&#8230;&#8230;&#8230;&#8230;&#8230;&#8230;&#8230;&#8230;&#8230;18 mg\/Kg<br \/>\nExcipiente qsp&#8230;&#8230;&#8230;&#8230;&#8230;&#8230;&#8230;&#8230;&#8230;&#8230;&#8230;&#8230;&#8230;&#8230;1 C\u00e1psula Gastrorresistente<div class=\"fusion-builder-row fusion-row\"><\/div><\/div><br \/>\nAdministrar 1 sach\u00ea ao dia ou conforme orienta\u00e7\u00e3o do m\u00e9dico veterin\u00e1rio.<\/p>\n<\/p>\n<div class=\"table-1\">\n<table width=\"100%\">\n<tbody>\n<tr>\n<td style=\"text-align: center;\" align=\"left\">Suporte para a fun\u00e7\u00e3o cognitiva do envelhecimento de c\u00e3es e gatos, para restaurar a vitalidade mental e consci\u00eancia.<\/td>\n<\/tr>\n<\/tbody>\n<\/table>\n<\/div>\n<p>\n<h3>Refer\u00eancias<\/h3>\n<p><em>ARAUJO, J. A.\u00a0 et al. Improvement of short-term memory performance in aged beagles by a nutraceutical supplement containing phosphatidylserine, Ginkgo biloba, vitamin E, and pyridoxine. Can Vet J, v. 49, n. 4, p. 379-85, Apr 2008. ISSN 0008-5286 (Print)<\/em><\/p>\n<p><em>0008-5286.\u00a0<\/em><\/p>\n<p><em>LANDSBERG, G.; HUNTHAUSEN, W.; ACKERMAN, L. Problemas comportamentais do c\u00e3o e do gato. S\u00e3o paulo: Roca 2004.<\/em><\/p>\n","protected":false},"excerpt":{"rendered":"<p>Suplementos Antioxidantes Eficazes Disfun\u00e7\u00e3o Cognitiva Uso de Suplementos Antioxidantes O diagn\u00f3stico \u00e9 feito por exclus\u00e3o de outros problemas m\u00e9dicos que apresentam sinais compat\u00edveis, como comprometimento da fun\u00e7\u00e3o cognitiva (Landsberg et al., 2004). Altera\u00e7\u00f5es Diet\u00e9ticas na S\u00edndrome da Disfun\u00e7\u00e3o Cognitiva O decl\u00ednio da fun\u00e7\u00e3o cognitiva que acompanha o envelhecimento em c\u00e3es pode ter uma base biol\u00f3gica, e  [&#8230;]<\/p>\n","protected":false},"author":1,"featured_media":14610,"comment_status":"closed","ping_status":"open","sticky":false,"template":"","format":"standard","meta":{"inline_featured_image":false,"_joinchat":[],"footnotes":""},"categories":[1],"tags":[],"class_list":["post-14607","post","type-post","status-publish","format-standard","has-post-thumbnail","hentry","category-sem-categoria"],"aioseo_notices":[],"aioseo_head":"\n\t\t<!-- All in One SEO 4.9.10 - aioseo.com -->\n\t<meta name=\"description\" content=\"Suplementos Antioxidantes Eficazes Disfun\u00e7\u00e3o Cognitiva Uso de Suplementos Antioxidantes O diagn\u00f3stico \u00e9 feito por exclus\u00e3o de outros problemas m\u00e9dicos que apresentam sinais compat\u00edveis, como comprometimento da fun\u00e7\u00e3o cognitiva (Landsberg et al., 2004). Altera\u00e7\u00f5es Diet\u00e9ticas na S\u00edndrome da Disfun\u00e7\u00e3o Cognitiva O decl\u00ednio da fun\u00e7\u00e3o cognitiva que acompanha o envelhecimento em c\u00e3es pode ter uma base biol\u00f3gica,\" \/>\n\t<meta name=\"robots\" content=\"max-image-preview:large\" \/>\n\t<meta name=\"author\" content=\"admin\"\/>\n\t<meta name=\"google-site-verification\" content=\"Zyo5oNy6UywuyfsRVUowfYJfRGYFaIU5dV7dEiliV0\" \/>\n\t<link rel=\"canonical\" href=\"https:\/\/www.formularium.com.br\/inform\/sem-categoria\/sindrome-da-disfuncao-cognitiva-em-caes\/\" \/>\n\t<meta name=\"generator\" content=\"All in One SEO (AIOSEO) 4.9.10\" \/>\n\t\t<meta property=\"og:locale\" content=\"pt_BR\" \/>\n\t\t<meta property=\"og:site_name\" content=\"Blog Pharm\u00e1cia de Manipula\u00e7\u00e3o Formularium | Blog Pharm\u00e1cia de Manipula\u00e7\u00e3o Formularium\" \/>\n\t\t<meta property=\"og:type\" content=\"article\" \/>\n\t\t<meta property=\"og:title\" content=\"S\u00edndrome da Disfun\u00e7\u00e3o Cognitiva em C\u00e3es | Formularium\" \/>\n\t\t<meta property=\"og:description\" content=\"Suplementos Antioxidantes Eficazes Disfun\u00e7\u00e3o Cognitiva Uso de Suplementos Antioxidantes O diagn\u00f3stico \u00e9 feito por exclus\u00e3o de outros problemas m\u00e9dicos que apresentam sinais compat\u00edveis, como comprometimento da fun\u00e7\u00e3o cognitiva (Landsberg et al., 2004). Altera\u00e7\u00f5es Diet\u00e9ticas na S\u00edndrome da Disfun\u00e7\u00e3o Cognitiva O decl\u00ednio da fun\u00e7\u00e3o cognitiva que acompanha o envelhecimento em c\u00e3es pode ter uma base biol\u00f3gica,\" \/>\n\t\t<meta property=\"og:url\" content=\"https:\/\/www.formularium.com.br\/inform\/sem-categoria\/sindrome-da-disfuncao-cognitiva-em-caes\/\" \/>\n\t\t<meta property=\"article:published_time\" content=\"2020-02-28T14:05:14+00:00\" \/>\n\t\t<meta property=\"article:modified_time\" content=\"2020-02-28T14:10:59+00:00\" \/>\n\t\t<meta name=\"twitter:card\" content=\"summary\" \/>\n\t\t<meta name=\"twitter:title\" content=\"S\u00edndrome da Disfun\u00e7\u00e3o Cognitiva em C\u00e3es | Formularium\" \/>\n\t\t<meta name=\"twitter:description\" content=\"Suplementos Antioxidantes Eficazes Disfun\u00e7\u00e3o Cognitiva Uso de Suplementos Antioxidantes O diagn\u00f3stico \u00e9 feito por exclus\u00e3o de outros problemas m\u00e9dicos que apresentam sinais compat\u00edveis, como comprometimento da fun\u00e7\u00e3o cognitiva (Landsberg et al., 2004). Altera\u00e7\u00f5es Diet\u00e9ticas na S\u00edndrome da Disfun\u00e7\u00e3o Cognitiva O decl\u00ednio da fun\u00e7\u00e3o cognitiva que acompanha o envelhecimento em c\u00e3es pode ter uma base biol\u00f3gica,\" \/>\n\t\t<script type=\"application\/ld+json\" class=\"aioseo-schema\">\n\t\t\t{\"@context\":\"https:\\\/\\\/schema.org\",\"@graph\":[{\"@type\":\"Article\",\"@id\":\"https:\\\/\\\/www.formularium.com.br\\\/inform\\\/sem-categoria\\\/sindrome-da-disfuncao-cognitiva-em-caes\\\/#article\",\"name\":\"S\\u00edndrome da Disfun\\u00e7\\u00e3o Cognitiva em C\\u00e3es | Formularium\",\"headline\":\"S\\u00edndrome da Disfun\\u00e7\\u00e3o Cognitiva em C\\u00e3es\",\"author\":{\"@id\":\"https:\\\/\\\/www.formularium.com.br\\\/inform\\\/author\\\/admin\\\/#author\"},\"publisher\":{\"@id\":\"https:\\\/\\\/www.formularium.com.br\\\/inform\\\/#organization\"},\"image\":{\"@type\":\"ImageObject\",\"url\":\"https:\\\/\\\/www.formularium.com.br\\\/inform\\\/wp-content\\\/uploads\\\/2020\\\/02\\\/capa-antioxidantes-01.jpg\",\"width\":767,\"height\":365,\"caption\":\"S\\u00edndrome da Disfun\\u00e7\\u00e3o Cognitiva em C\\u00e3es\"},\"datePublished\":\"2020-02-28T11:05:14-03:00\",\"dateModified\":\"2020-02-28T11:10:59-03:00\",\"inLanguage\":\"pt-BR\",\"mainEntityOfPage\":{\"@id\":\"https:\\\/\\\/www.formularium.com.br\\\/inform\\\/sem-categoria\\\/sindrome-da-disfuncao-cognitiva-em-caes\\\/#webpage\"},\"isPartOf\":{\"@id\":\"https:\\\/\\\/www.formularium.com.br\\\/inform\\\/sem-categoria\\\/sindrome-da-disfuncao-cognitiva-em-caes\\\/#webpage\"},\"articleSection\":\"Sem categoria\"},{\"@type\":\"BreadcrumbList\",\"@id\":\"https:\\\/\\\/www.formularium.com.br\\\/inform\\\/sem-categoria\\\/sindrome-da-disfuncao-cognitiva-em-caes\\\/#breadcrumblist\",\"itemListElement\":[{\"@type\":\"ListItem\",\"@id\":\"https:\\\/\\\/www.formularium.com.br\\\/inform#listItem\",\"position\":1,\"name\":\"Home\",\"item\":\"https:\\\/\\\/www.formularium.com.br\\\/inform\",\"nextItem\":{\"@type\":\"ListItem\",\"@id\":\"https:\\\/\\\/www.formularium.com.br\\\/inform\\\/categoria\\\/sem-categoria\\\/#listItem\",\"name\":\"Sem categoria\"}},{\"@type\":\"ListItem\",\"@id\":\"https:\\\/\\\/www.formularium.com.br\\\/inform\\\/categoria\\\/sem-categoria\\\/#listItem\",\"position\":2,\"name\":\"Sem categoria\",\"item\":\"https:\\\/\\\/www.formularium.com.br\\\/inform\\\/categoria\\\/sem-categoria\\\/\",\"nextItem\":{\"@type\":\"ListItem\",\"@id\":\"https:\\\/\\\/www.formularium.com.br\\\/inform\\\/sem-categoria\\\/sindrome-da-disfuncao-cognitiva-em-caes\\\/#listItem\",\"name\":\"S\\u00edndrome da Disfun\\u00e7\\u00e3o Cognitiva em C\\u00e3es\"},\"previousItem\":{\"@type\":\"ListItem\",\"@id\":\"https:\\\/\\\/www.formularium.com.br\\\/inform#listItem\",\"name\":\"Home\"}},{\"@type\":\"ListItem\",\"@id\":\"https:\\\/\\\/www.formularium.com.br\\\/inform\\\/sem-categoria\\\/sindrome-da-disfuncao-cognitiva-em-caes\\\/#listItem\",\"position\":3,\"name\":\"S\\u00edndrome da Disfun\\u00e7\\u00e3o Cognitiva em C\\u00e3es\",\"previousItem\":{\"@type\":\"ListItem\",\"@id\":\"https:\\\/\\\/www.formularium.com.br\\\/inform\\\/categoria\\\/sem-categoria\\\/#listItem\",\"name\":\"Sem categoria\"}}]},{\"@type\":\"Organization\",\"@id\":\"https:\\\/\\\/www.formularium.com.br\\\/inform\\\/#organization\",\"name\":\"Pharm\\u00e1cia de Manipula\\u00e7\\u00e3o Formularium\",\"description\":\"Blog Pharm\\u00e1cia de Manipula\\u00e7\\u00e3o Formularium\",\"url\":\"https:\\\/\\\/www.formularium.com.br\\\/inform\\\/\",\"telephone\":\"+551138194490\",\"logo\":{\"@type\":\"ImageObject\",\"url\":\"https:\\\/\\\/www.formularium.com.br\\\/inform\\\/wp-content\\\/uploads\\\/2013\\\/11\\\/logo@2x.png\",\"@id\":\"https:\\\/\\\/www.formularium.com.br\\\/inform\\\/sem-categoria\\\/sindrome-da-disfuncao-cognitiva-em-caes\\\/#organizationLogo\",\"width\":414,\"height\":140,\"caption\":\"Formularium\"},\"image\":{\"@id\":\"https:\\\/\\\/www.formularium.com.br\\\/inform\\\/sem-categoria\\\/sindrome-da-disfuncao-cognitiva-em-caes\\\/#organizationLogo\"}},{\"@type\":\"Person\",\"@id\":\"https:\\\/\\\/www.formularium.com.br\\\/inform\\\/author\\\/admin\\\/#author\",\"url\":\"https:\\\/\\\/www.formularium.com.br\\\/inform\\\/author\\\/admin\\\/\",\"name\":\"admin\"},{\"@type\":\"WebPage\",\"@id\":\"https:\\\/\\\/www.formularium.com.br\\\/inform\\\/sem-categoria\\\/sindrome-da-disfuncao-cognitiva-em-caes\\\/#webpage\",\"url\":\"https:\\\/\\\/www.formularium.com.br\\\/inform\\\/sem-categoria\\\/sindrome-da-disfuncao-cognitiva-em-caes\\\/\",\"name\":\"S\\u00edndrome da Disfun\\u00e7\\u00e3o Cognitiva em C\\u00e3es | Formularium\",\"description\":\"Suplementos Antioxidantes Eficazes Disfun\\u00e7\\u00e3o Cognitiva Uso de Suplementos Antioxidantes O diagn\\u00f3stico \\u00e9 feito por exclus\\u00e3o de outros problemas m\\u00e9dicos que apresentam sinais compat\\u00edveis, como comprometimento da fun\\u00e7\\u00e3o cognitiva (Landsberg et al., 2004). Altera\\u00e7\\u00f5es Diet\\u00e9ticas na S\\u00edndrome da Disfun\\u00e7\\u00e3o Cognitiva O decl\\u00ednio da fun\\u00e7\\u00e3o cognitiva que acompanha o envelhecimento em c\\u00e3es pode ter uma base biol\\u00f3gica,\",\"inLanguage\":\"pt-BR\",\"isPartOf\":{\"@id\":\"https:\\\/\\\/www.formularium.com.br\\\/inform\\\/#website\"},\"breadcrumb\":{\"@id\":\"https:\\\/\\\/www.formularium.com.br\\\/inform\\\/sem-categoria\\\/sindrome-da-disfuncao-cognitiva-em-caes\\\/#breadcrumblist\"},\"author\":{\"@id\":\"https:\\\/\\\/www.formularium.com.br\\\/inform\\\/author\\\/admin\\\/#author\"},\"creator\":{\"@id\":\"https:\\\/\\\/www.formularium.com.br\\\/inform\\\/author\\\/admin\\\/#author\"},\"image\":{\"@type\":\"ImageObject\",\"url\":\"https:\\\/\\\/www.formularium.com.br\\\/inform\\\/wp-content\\\/uploads\\\/2020\\\/02\\\/capa-antioxidantes-01.jpg\",\"@id\":\"https:\\\/\\\/www.formularium.com.br\\\/inform\\\/sem-categoria\\\/sindrome-da-disfuncao-cognitiva-em-caes\\\/#mainImage\",\"width\":767,\"height\":365,\"caption\":\"S\\u00edndrome da Disfun\\u00e7\\u00e3o Cognitiva em C\\u00e3es\"},\"primaryImageOfPage\":{\"@id\":\"https:\\\/\\\/www.formularium.com.br\\\/inform\\\/sem-categoria\\\/sindrome-da-disfuncao-cognitiva-em-caes\\\/#mainImage\"},\"datePublished\":\"2020-02-28T11:05:14-03:00\",\"dateModified\":\"2020-02-28T11:10:59-03:00\"},{\"@type\":\"WebSite\",\"@id\":\"https:\\\/\\\/www.formularium.com.br\\\/inform\\\/#website\",\"url\":\"https:\\\/\\\/www.formularium.com.br\\\/inform\\\/\",\"name\":\"Blog Pharm\\u00e1cia de Manipula\\u00e7\\u00e3o Formularium\",\"alternateName\":\"Formularium\",\"description\":\"Blog Pharm\\u00e1cia de Manipula\\u00e7\\u00e3o Formularium\",\"inLanguage\":\"pt-BR\",\"publisher\":{\"@id\":\"https:\\\/\\\/www.formularium.com.br\\\/inform\\\/#organization\"}}]}\n\t\t<\/script>\n\t\t<!-- All in One SEO -->\n\n","aioseo_head_json":{"title":"S\u00edndrome da Disfun\u00e7\u00e3o Cognitiva em C\u00e3es | Formularium","description":"Suplementos Antioxidantes Eficazes Disfun\u00e7\u00e3o Cognitiva Uso de Suplementos Antioxidantes O diagn\u00f3stico \u00e9 feito por exclus\u00e3o de outros problemas m\u00e9dicos que apresentam sinais compat\u00edveis, como comprometimento da fun\u00e7\u00e3o cognitiva (Landsberg et al., 2004). Altera\u00e7\u00f5es Diet\u00e9ticas na S\u00edndrome da Disfun\u00e7\u00e3o Cognitiva O decl\u00ednio da fun\u00e7\u00e3o cognitiva que acompanha o envelhecimento em c\u00e3es pode ter uma base biol\u00f3gica,","canonical_url":"https:\/\/www.formularium.com.br\/inform\/sem-categoria\/sindrome-da-disfuncao-cognitiva-em-caes\/","robots":"max-image-preview:large","keywords":"","webmasterTools":{"google-site-verification":"Zyo5oNy6UywuyfsRVUowfYJfRGYFaIU5dV7dEiliV0","miscellaneous":""},"schema":{"@context":"https:\/\/schema.org","@graph":[{"@type":"Article","@id":"https:\/\/www.formularium.com.br\/inform\/sem-categoria\/sindrome-da-disfuncao-cognitiva-em-caes\/#article","name":"S\u00edndrome da Disfun\u00e7\u00e3o Cognitiva em C\u00e3es | Formularium","headline":"S\u00edndrome da Disfun\u00e7\u00e3o Cognitiva em C\u00e3es","author":{"@id":"https:\/\/www.formularium.com.br\/inform\/author\/admin\/#author"},"publisher":{"@id":"https:\/\/www.formularium.com.br\/inform\/#organization"},"image":{"@type":"ImageObject","url":"https:\/\/www.formularium.com.br\/inform\/wp-content\/uploads\/2020\/02\/capa-antioxidantes-01.jpg","width":767,"height":365,"caption":"S\u00edndrome da Disfun\u00e7\u00e3o Cognitiva em C\u00e3es"},"datePublished":"2020-02-28T11:05:14-03:00","dateModified":"2020-02-28T11:10:59-03:00","inLanguage":"pt-BR","mainEntityOfPage":{"@id":"https:\/\/www.formularium.com.br\/inform\/sem-categoria\/sindrome-da-disfuncao-cognitiva-em-caes\/#webpage"},"isPartOf":{"@id":"https:\/\/www.formularium.com.br\/inform\/sem-categoria\/sindrome-da-disfuncao-cognitiva-em-caes\/#webpage"},"articleSection":"Sem categoria"},{"@type":"BreadcrumbList","@id":"https:\/\/www.formularium.com.br\/inform\/sem-categoria\/sindrome-da-disfuncao-cognitiva-em-caes\/#breadcrumblist","itemListElement":[{"@type":"ListItem","@id":"https:\/\/www.formularium.com.br\/inform#listItem","position":1,"name":"Home","item":"https:\/\/www.formularium.com.br\/inform","nextItem":{"@type":"ListItem","@id":"https:\/\/www.formularium.com.br\/inform\/categoria\/sem-categoria\/#listItem","name":"Sem categoria"}},{"@type":"ListItem","@id":"https:\/\/www.formularium.com.br\/inform\/categoria\/sem-categoria\/#listItem","position":2,"name":"Sem categoria","item":"https:\/\/www.formularium.com.br\/inform\/categoria\/sem-categoria\/","nextItem":{"@type":"ListItem","@id":"https:\/\/www.formularium.com.br\/inform\/sem-categoria\/sindrome-da-disfuncao-cognitiva-em-caes\/#listItem","name":"S\u00edndrome da Disfun\u00e7\u00e3o Cognitiva em C\u00e3es"},"previousItem":{"@type":"ListItem","@id":"https:\/\/www.formularium.com.br\/inform#listItem","name":"Home"}},{"@type":"ListItem","@id":"https:\/\/www.formularium.com.br\/inform\/sem-categoria\/sindrome-da-disfuncao-cognitiva-em-caes\/#listItem","position":3,"name":"S\u00edndrome da Disfun\u00e7\u00e3o Cognitiva em C\u00e3es","previousItem":{"@type":"ListItem","@id":"https:\/\/www.formularium.com.br\/inform\/categoria\/sem-categoria\/#listItem","name":"Sem categoria"}}]},{"@type":"Organization","@id":"https:\/\/www.formularium.com.br\/inform\/#organization","name":"Pharm\u00e1cia de Manipula\u00e7\u00e3o Formularium","description":"Blog Pharm\u00e1cia de Manipula\u00e7\u00e3o Formularium","url":"https:\/\/www.formularium.com.br\/inform\/","telephone":"+551138194490","logo":{"@type":"ImageObject","url":"https:\/\/www.formularium.com.br\/inform\/wp-content\/uploads\/2013\/11\/logo@2x.png","@id":"https:\/\/www.formularium.com.br\/inform\/sem-categoria\/sindrome-da-disfuncao-cognitiva-em-caes\/#organizationLogo","width":414,"height":140,"caption":"Formularium"},"image":{"@id":"https:\/\/www.formularium.com.br\/inform\/sem-categoria\/sindrome-da-disfuncao-cognitiva-em-caes\/#organizationLogo"}},{"@type":"Person","@id":"https:\/\/www.formularium.com.br\/inform\/author\/admin\/#author","url":"https:\/\/www.formularium.com.br\/inform\/author\/admin\/","name":"admin"},{"@type":"WebPage","@id":"https:\/\/www.formularium.com.br\/inform\/sem-categoria\/sindrome-da-disfuncao-cognitiva-em-caes\/#webpage","url":"https:\/\/www.formularium.com.br\/inform\/sem-categoria\/sindrome-da-disfuncao-cognitiva-em-caes\/","name":"S\u00edndrome da Disfun\u00e7\u00e3o Cognitiva em C\u00e3es | Formularium","description":"Suplementos Antioxidantes Eficazes Disfun\u00e7\u00e3o Cognitiva Uso de Suplementos Antioxidantes O diagn\u00f3stico \u00e9 feito por exclus\u00e3o de outros problemas m\u00e9dicos que apresentam sinais compat\u00edveis, como comprometimento da fun\u00e7\u00e3o cognitiva (Landsberg et al., 2004). Altera\u00e7\u00f5es Diet\u00e9ticas na S\u00edndrome da Disfun\u00e7\u00e3o Cognitiva O decl\u00ednio da fun\u00e7\u00e3o cognitiva que acompanha o envelhecimento em c\u00e3es pode ter uma base biol\u00f3gica,","inLanguage":"pt-BR","isPartOf":{"@id":"https:\/\/www.formularium.com.br\/inform\/#website"},"breadcrumb":{"@id":"https:\/\/www.formularium.com.br\/inform\/sem-categoria\/sindrome-da-disfuncao-cognitiva-em-caes\/#breadcrumblist"},"author":{"@id":"https:\/\/www.formularium.com.br\/inform\/author\/admin\/#author"},"creator":{"@id":"https:\/\/www.formularium.com.br\/inform\/author\/admin\/#author"},"image":{"@type":"ImageObject","url":"https:\/\/www.formularium.com.br\/inform\/wp-content\/uploads\/2020\/02\/capa-antioxidantes-01.jpg","@id":"https:\/\/www.formularium.com.br\/inform\/sem-categoria\/sindrome-da-disfuncao-cognitiva-em-caes\/#mainImage","width":767,"height":365,"caption":"S\u00edndrome da Disfun\u00e7\u00e3o Cognitiva em C\u00e3es"},"primaryImageOfPage":{"@id":"https:\/\/www.formularium.com.br\/inform\/sem-categoria\/sindrome-da-disfuncao-cognitiva-em-caes\/#mainImage"},"datePublished":"2020-02-28T11:05:14-03:00","dateModified":"2020-02-28T11:10:59-03:00"},{"@type":"WebSite","@id":"https:\/\/www.formularium.com.br\/inform\/#website","url":"https:\/\/www.formularium.com.br\/inform\/","name":"Blog Pharm\u00e1cia de Manipula\u00e7\u00e3o Formularium","alternateName":"Formularium","description":"Blog Pharm\u00e1cia de Manipula\u00e7\u00e3o Formularium","inLanguage":"pt-BR","publisher":{"@id":"https:\/\/www.formularium.com.br\/inform\/#organization"}}]},"og:locale":"pt_BR","og:site_name":"Blog Pharm\u00e1cia de Manipula\u00e7\u00e3o Formularium | Blog Pharm\u00e1cia de Manipula\u00e7\u00e3o Formularium","og:type":"article","og:title":"S\u00edndrome da Disfun\u00e7\u00e3o Cognitiva em C\u00e3es | Formularium","og:description":"Suplementos Antioxidantes Eficazes Disfun\u00e7\u00e3o Cognitiva Uso de Suplementos Antioxidantes O diagn\u00f3stico \u00e9 feito por exclus\u00e3o de outros problemas m\u00e9dicos que apresentam sinais compat\u00edveis, como comprometimento da fun\u00e7\u00e3o cognitiva (Landsberg et al., 2004). Altera\u00e7\u00f5es Diet\u00e9ticas na S\u00edndrome da Disfun\u00e7\u00e3o Cognitiva O decl\u00ednio da fun\u00e7\u00e3o cognitiva que acompanha o envelhecimento em c\u00e3es pode ter uma base biol\u00f3gica,","og:url":"https:\/\/www.formularium.com.br\/inform\/sem-categoria\/sindrome-da-disfuncao-cognitiva-em-caes\/","article:published_time":"2020-02-28T14:05:14+00:00","article:modified_time":"2020-02-28T14:10:59+00:00","twitter:card":"summary","twitter:title":"S\u00edndrome da Disfun\u00e7\u00e3o Cognitiva em C\u00e3es | Formularium","twitter:description":"Suplementos Antioxidantes Eficazes Disfun\u00e7\u00e3o Cognitiva Uso de Suplementos Antioxidantes O diagn\u00f3stico \u00e9 feito por exclus\u00e3o de outros problemas m\u00e9dicos que apresentam sinais compat\u00edveis, como comprometimento da fun\u00e7\u00e3o cognitiva (Landsberg et al., 2004). Altera\u00e7\u00f5es Diet\u00e9ticas na S\u00edndrome da Disfun\u00e7\u00e3o Cognitiva O decl\u00ednio da fun\u00e7\u00e3o cognitiva que acompanha o envelhecimento em c\u00e3es pode ter uma base biol\u00f3gica,"},"aioseo_meta_data":{"post_id":"14607","title":"S\u00edndrome da Disfun\u00e7\u00e3o Cognitiva em C\u00e3es | Formularium","description":null,"keywords":null,"keyphrases":null,"primary_term":null,"canonical_url":null,"og_title":null,"og_description":null,"og_object_type":"default","og_image_type":"default","og_image_url":null,"og_image_width":null,"og_image_height":null,"og_image_custom_url":null,"og_image_custom_fields":null,"og_video":null,"og_custom_url":null,"og_article_section":null,"og_article_tags":null,"twitter_use_og":false,"twitter_card":"default","twitter_image_type":"default","twitter_image_url":null,"twitter_image_custom_url":null,"twitter_image_custom_fields":null,"twitter_title":null,"twitter_description":null,"schema":{"blockGraphs":[],"customGraphs":[],"default":{"data":{"Article":[],"Course":[],"Dataset":[],"FAQPage":[],"Movie":[],"Person":[],"Product":[],"ProductReview":[],"Car":[],"Recipe":[],"Service":[],"SoftwareApplication":[],"WebPage":[]},"graphName":"","isEnabled":true},"graphs":[],"defaultGraph":"","defaultPostTypeGraph":""},"schema_type":null,"schema_type_options":null,"pillar_content":false,"robots_default":true,"robots_noindex":false,"robots_noarchive":false,"robots_nosnippet":false,"robots_nofollow":false,"robots_noimageindex":false,"robots_noodp":false,"robots_notranslate":false,"robots_max_snippet":null,"robots_max_videopreview":null,"robots_max_imagepreview":"large","priority":null,"frequency":null,"location":null,"local_seo":null,"breadcrumb_settings":null,"limit_modified_date":false,"ai":null,"created":"2020-12-21 12:35:02","updated":"2025-06-11 21:02:13","seo_analyzer_scan_date":null},"_links":{"self":[{"href":"https:\/\/www.formularium.com.br\/inform\/wp-json\/wp\/v2\/posts\/14607","targetHints":{"allow":["GET"]}}],"collection":[{"href":"https:\/\/www.formularium.com.br\/inform\/wp-json\/wp\/v2\/posts"}],"about":[{"href":"https:\/\/www.formularium.com.br\/inform\/wp-json\/wp\/v2\/types\/post"}],"author":[{"embeddable":true,"href":"https:\/\/www.formularium.com.br\/inform\/wp-json\/wp\/v2\/users\/1"}],"replies":[{"embeddable":true,"href":"https:\/\/www.formularium.com.br\/inform\/wp-json\/wp\/v2\/comments?post=14607"}],"version-history":[{"count":0,"href":"https:\/\/www.formularium.com.br\/inform\/wp-json\/wp\/v2\/posts\/14607\/revisions"}],"wp:featuredmedia":[{"embeddable":true,"href":"https:\/\/www.formularium.com.br\/inform\/wp-json\/wp\/v2\/media\/14610"}],"wp:attachment":[{"href":"https:\/\/www.formularium.com.br\/inform\/wp-json\/wp\/v2\/media?parent=14607"}],"wp:term":[{"taxonomy":"category","embeddable":true,"href":"https:\/\/www.formularium.com.br\/inform\/wp-json\/wp\/v2\/categories?post=14607"},{"taxonomy":"post_tag","embeddable":true,"href":"https:\/\/www.formularium.com.br\/inform\/wp-json\/wp\/v2\/tags?post=14607"}],"curies":[{"name":"wp","href":"https:\/\/api.w.org\/{rel}","templated":true}]}}