{"id":14032,"date":"2019-08-22T10:21:41","date_gmt":"2019-08-22T13:21:41","guid":{"rendered":"https:\/\/www.formularium.com.br\/inform\/?p=14032"},"modified":"2020-07-23T21:21:42","modified_gmt":"2020-07-24T00:21:42","slug":"associacao-entre-agriao-e-genisteina-no-clareamento-das-manchas-senis-nas-maos","status":"publish","type":"post","link":"https:\/\/www.formularium.com.br\/inform\/sedap\/associacao-entre-agriao-e-genisteina-no-clareamento-das-manchas-senis-nas-maos\/","title":{"rendered":"Associa\u00e7\u00e3o Entre Agri\u00e3o e Geniste\u00edna no Clareamento das Manchas Senis nas M\u00e3os"},"content":{"rendered":"<div class=\"swpm-post-not-logged-in-msg\">Voc\u00ea precisa fazer login para visualizar este conte\u00fado.Por favor <a class=\"swpm-login-link\" href=\"https:\/\/formularium.com.br\/inform\/membership-login\/?swpm_redirect_to=https%3A%2F%2Fwww.formularium.com.br%2Finform%2Fwp-json%2Fwp%2Fv2%2Fposts%2F14032\">Log In<\/a>. N\u00e3o \u00e9 um membro? <a href=\"https:\/\/formularium.com.br\/inform\/membership-join\/membership-registration\/\">Junte-se a n\u00f3s<\/a><\/div>","protected":false},"excerpt":{"rendered":"<p>O lentigo senil \u00e9 uma hiperpigmenta\u00e7\u00e3o comum em pessoas idosas. Clinicamente, o lentigo senil \u00e9 caracterizado como uma pequena m\u00e1cula ou mancha bem definida, anular ou ovoide, de colora\u00e7\u00e3o uniforme bronzeada a marrom, presente na pele exposta ao sol, como da face, dorso das m\u00e3os e antebra\u00e7o.<\/p>\n","protected":false},"author":1,"featured_media":14037,"comment_status":"closed","ping_status":"open","sticky":false,"template":"","format":"standard","meta":{"inline_featured_image":false,"_joinchat":[],"footnotes":""},"categories":[103,85],"tags":[1059,896,77,984,645,888,227,56,131,858],"class_list":["post-14032","post","type-post","status-publish","format-standard","has-post-thumbnail","hentry","category-dermatologia","category-sedap","tag-agriao","tag-astaxantina","tag-dermatologia","tag-despigmentacao","tag-filtro-solar","tag-genisteina","tag-manchas","tag-pele","tag-protecao-solar","tag-red-orange-complex"],"aioseo_notices":[],"aioseo_head":"\n\t\t<!-- All in One SEO 4.9.10 - aioseo.com -->\n\t<meta name=\"description\" content=\"Promove Redu\u00e7\u00e3o das Manchas e da Diferen\u00e7a Entre as \u00c1reas Hiperpigmentadas e Normais. Associa\u00e7\u00e3o Entre Agri\u00e3o e Geniste\u00edna. A\u00e7\u00e3o Clareadora sobre o Lentigo Senil\" \/>\n\t<meta name=\"robots\" content=\"max-image-preview:large\" \/>\n\t<meta name=\"author\" content=\"admin\"\/>\n\t<meta name=\"google-site-verification\" content=\"Zyo5oNy6UywuyfsRVUowfYJfRGYFaIU5dV7dEiliV0\" \/>\n\t<meta name=\"keywords\" content=\"manchas senis,agri\u00e3o,astaxantina,dermatologia,despigmenta\u00e7\u00e3o,filtro solar,geniste\u00edna,manchas,pele,prote\u00e7\u00e3o solar,red orange complex\" \/>\n\t<link rel=\"canonical\" href=\"https:\/\/www.formularium.com.br\/inform\/sedap\/associacao-entre-agriao-e-genisteina-no-clareamento-das-manchas-senis-nas-maos\/\" \/>\n\t<meta name=\"generator\" content=\"All in One SEO (AIOSEO) 4.9.10\" \/>\n\t\t<meta property=\"og:locale\" content=\"pt_BR\" \/>\n\t\t<meta property=\"og:site_name\" content=\"Blog Pharm\u00e1cia de Manipula\u00e7\u00e3o Formularium | Blog Pharm\u00e1cia de Manipula\u00e7\u00e3o Formularium\" \/>\n\t\t<meta property=\"og:type\" content=\"article\" \/>\n\t\t<meta property=\"og:title\" content=\"Associa\u00e7\u00e3o Entre Agri\u00e3o e Geniste\u00edna no Clareamento das Manchas Senis nas M\u00e3os | Formularium\" \/>\n\t\t<meta property=\"og:description\" content=\"Promove Redu\u00e7\u00e3o das Manchas e da Diferen\u00e7a Entre as \u00c1reas Hiperpigmentadas e Normais. Associa\u00e7\u00e3o Entre Agri\u00e3o e Geniste\u00edna. A\u00e7\u00e3o Clareadora sobre o Lentigo Senil\" \/>\n\t\t<meta property=\"og:url\" content=\"https:\/\/www.formularium.com.br\/inform\/sedap\/associacao-entre-agriao-e-genisteina-no-clareamento-das-manchas-senis-nas-maos\/\" \/>\n\t\t<meta property=\"article:published_time\" content=\"2019-08-22T13:21:41+00:00\" \/>\n\t\t<meta property=\"article:modified_time\" content=\"2020-07-24T00:21:42+00:00\" \/>\n\t\t<meta name=\"twitter:card\" content=\"summary\" \/>\n\t\t<meta name=\"twitter:title\" content=\"Associa\u00e7\u00e3o Entre Agri\u00e3o e Geniste\u00edna no Clareamento das Manchas Senis nas M\u00e3os | Formularium\" \/>\n\t\t<meta name=\"twitter:description\" content=\"Promove Redu\u00e7\u00e3o das Manchas e da Diferen\u00e7a Entre as \u00c1reas Hiperpigmentadas e Normais. Associa\u00e7\u00e3o Entre Agri\u00e3o e Geniste\u00edna. A\u00e7\u00e3o Clareadora sobre o Lentigo Senil\" \/>\n\t\t<script type=\"application\/ld+json\" class=\"aioseo-schema\">\n\t\t\t{\"@context\":\"https:\\\/\\\/schema.org\",\"@graph\":[{\"@type\":\"Article\",\"@id\":\"https:\\\/\\\/www.formularium.com.br\\\/inform\\\/sedap\\\/associacao-entre-agriao-e-genisteina-no-clareamento-das-manchas-senis-nas-maos\\\/#article\",\"name\":\"Associa\\u00e7\\u00e3o Entre Agri\\u00e3o e Geniste\\u00edna no Clareamento das Manchas Senis nas M\\u00e3os | Formularium\",\"headline\":\"Associa\\u00e7\\u00e3o Entre Agri\\u00e3o e Geniste\\u00edna no Clareamento das Manchas Senis nas M\\u00e3os\",\"author\":{\"@id\":\"https:\\\/\\\/www.formularium.com.br\\\/inform\\\/author\\\/admin\\\/#author\"},\"publisher\":{\"@id\":\"https:\\\/\\\/www.formularium.com.br\\\/inform\\\/#organization\"},\"image\":{\"@type\":\"ImageObject\",\"url\":\"https:\\\/\\\/www.formularium.com.br\\\/inform\\\/wp-content\\\/uploads\\\/2019\\\/08\\\/caoa-associacao-entre-agriao-e-genisteina-01.jpg\",\"width\":767,\"height\":365,\"caption\":\"Associa\\u00e7\\u00e3o Entre Agri\\u00e3o e Geniste\\u00edna no Clareamento das Manchas Senis nas M\\u00e3os\"},\"datePublished\":\"2019-08-22T10:21:41-03:00\",\"dateModified\":\"2020-07-23T21:21:42-03:00\",\"inLanguage\":\"pt-BR\",\"mainEntityOfPage\":{\"@id\":\"https:\\\/\\\/www.formularium.com.br\\\/inform\\\/sedap\\\/associacao-entre-agriao-e-genisteina-no-clareamento-das-manchas-senis-nas-maos\\\/#webpage\"},\"isPartOf\":{\"@id\":\"https:\\\/\\\/www.formularium.com.br\\\/inform\\\/sedap\\\/associacao-entre-agriao-e-genisteina-no-clareamento-das-manchas-senis-nas-maos\\\/#webpage\"},\"articleSection\":\"Dermatologia, SEDAP, Agri\\u00e3o, Astaxantina, Dermatologia, Despigmenta\\u00e7\\u00e3o, Filtro Solar, Geniste\\u00edna, Manchas, Pele, Prote\\u00e7\\u00e3o Solar, Red Orange Complex\"},{\"@type\":\"BreadcrumbList\",\"@id\":\"https:\\\/\\\/www.formularium.com.br\\\/inform\\\/sedap\\\/associacao-entre-agriao-e-genisteina-no-clareamento-das-manchas-senis-nas-maos\\\/#breadcrumblist\",\"itemListElement\":[{\"@type\":\"ListItem\",\"@id\":\"https:\\\/\\\/www.formularium.com.br\\\/inform#listItem\",\"position\":1,\"name\":\"Home\",\"item\":\"https:\\\/\\\/www.formularium.com.br\\\/inform\",\"nextItem\":{\"@type\":\"ListItem\",\"@id\":\"https:\\\/\\\/www.formularium.com.br\\\/inform\\\/categoria\\\/sedap\\\/#listItem\",\"name\":\"SEDAP\"}},{\"@type\":\"ListItem\",\"@id\":\"https:\\\/\\\/www.formularium.com.br\\\/inform\\\/categoria\\\/sedap\\\/#listItem\",\"position\":2,\"name\":\"SEDAP\",\"item\":\"https:\\\/\\\/www.formularium.com.br\\\/inform\\\/categoria\\\/sedap\\\/\",\"nextItem\":{\"@type\":\"ListItem\",\"@id\":\"https:\\\/\\\/www.formularium.com.br\\\/inform\\\/categoria\\\/sedap\\\/dermatologia\\\/#listItem\",\"name\":\"Dermatologia\"},\"previousItem\":{\"@type\":\"ListItem\",\"@id\":\"https:\\\/\\\/www.formularium.com.br\\\/inform#listItem\",\"name\":\"Home\"}},{\"@type\":\"ListItem\",\"@id\":\"https:\\\/\\\/www.formularium.com.br\\\/inform\\\/categoria\\\/sedap\\\/dermatologia\\\/#listItem\",\"position\":3,\"name\":\"Dermatologia\",\"item\":\"https:\\\/\\\/www.formularium.com.br\\\/inform\\\/categoria\\\/sedap\\\/dermatologia\\\/\",\"nextItem\":{\"@type\":\"ListItem\",\"@id\":\"https:\\\/\\\/www.formularium.com.br\\\/inform\\\/sedap\\\/associacao-entre-agriao-e-genisteina-no-clareamento-das-manchas-senis-nas-maos\\\/#listItem\",\"name\":\"Associa\\u00e7\\u00e3o Entre Agri\\u00e3o e Geniste\\u00edna no Clareamento das Manchas Senis nas M\\u00e3os\"},\"previousItem\":{\"@type\":\"ListItem\",\"@id\":\"https:\\\/\\\/www.formularium.com.br\\\/inform\\\/categoria\\\/sedap\\\/#listItem\",\"name\":\"SEDAP\"}},{\"@type\":\"ListItem\",\"@id\":\"https:\\\/\\\/www.formularium.com.br\\\/inform\\\/sedap\\\/associacao-entre-agriao-e-genisteina-no-clareamento-das-manchas-senis-nas-maos\\\/#listItem\",\"position\":4,\"name\":\"Associa\\u00e7\\u00e3o Entre Agri\\u00e3o e Geniste\\u00edna no Clareamento das Manchas Senis nas M\\u00e3os\",\"previousItem\":{\"@type\":\"ListItem\",\"@id\":\"https:\\\/\\\/www.formularium.com.br\\\/inform\\\/categoria\\\/sedap\\\/dermatologia\\\/#listItem\",\"name\":\"Dermatologia\"}}]},{\"@type\":\"Organization\",\"@id\":\"https:\\\/\\\/www.formularium.com.br\\\/inform\\\/#organization\",\"name\":\"Pharm\\u00e1cia de Manipula\\u00e7\\u00e3o Formularium\",\"description\":\"Blog Pharm\\u00e1cia de Manipula\\u00e7\\u00e3o Formularium\",\"url\":\"https:\\\/\\\/www.formularium.com.br\\\/inform\\\/\",\"telephone\":\"+551138194490\",\"logo\":{\"@type\":\"ImageObject\",\"url\":\"https:\\\/\\\/www.formularium.com.br\\\/inform\\\/wp-content\\\/uploads\\\/2013\\\/11\\\/logo@2x.png\",\"@id\":\"https:\\\/\\\/www.formularium.com.br\\\/inform\\\/sedap\\\/associacao-entre-agriao-e-genisteina-no-clareamento-das-manchas-senis-nas-maos\\\/#organizationLogo\",\"width\":414,\"height\":140,\"caption\":\"Formularium\"},\"image\":{\"@id\":\"https:\\\/\\\/www.formularium.com.br\\\/inform\\\/sedap\\\/associacao-entre-agriao-e-genisteina-no-clareamento-das-manchas-senis-nas-maos\\\/#organizationLogo\"}},{\"@type\":\"Person\",\"@id\":\"https:\\\/\\\/www.formularium.com.br\\\/inform\\\/author\\\/admin\\\/#author\",\"url\":\"https:\\\/\\\/www.formularium.com.br\\\/inform\\\/author\\\/admin\\\/\",\"name\":\"admin\"},{\"@type\":\"WebPage\",\"@id\":\"https:\\\/\\\/www.formularium.com.br\\\/inform\\\/sedap\\\/associacao-entre-agriao-e-genisteina-no-clareamento-das-manchas-senis-nas-maos\\\/#webpage\",\"url\":\"https:\\\/\\\/www.formularium.com.br\\\/inform\\\/sedap\\\/associacao-entre-agriao-e-genisteina-no-clareamento-das-manchas-senis-nas-maos\\\/\",\"name\":\"Associa\\u00e7\\u00e3o Entre Agri\\u00e3o e Geniste\\u00edna no Clareamento das Manchas Senis nas M\\u00e3os | Formularium\",\"description\":\"Promove Redu\\u00e7\\u00e3o das Manchas e da Diferen\\u00e7a Entre as \\u00c1reas Hiperpigmentadas e Normais. Associa\\u00e7\\u00e3o Entre Agri\\u00e3o e Geniste\\u00edna. A\\u00e7\\u00e3o Clareadora sobre o Lentigo Senil\",\"inLanguage\":\"pt-BR\",\"isPartOf\":{\"@id\":\"https:\\\/\\\/www.formularium.com.br\\\/inform\\\/#website\"},\"breadcrumb\":{\"@id\":\"https:\\\/\\\/www.formularium.com.br\\\/inform\\\/sedap\\\/associacao-entre-agriao-e-genisteina-no-clareamento-das-manchas-senis-nas-maos\\\/#breadcrumblist\"},\"author\":{\"@id\":\"https:\\\/\\\/www.formularium.com.br\\\/inform\\\/author\\\/admin\\\/#author\"},\"creator\":{\"@id\":\"https:\\\/\\\/www.formularium.com.br\\\/inform\\\/author\\\/admin\\\/#author\"},\"image\":{\"@type\":\"ImageObject\",\"url\":\"https:\\\/\\\/www.formularium.com.br\\\/inform\\\/wp-content\\\/uploads\\\/2019\\\/08\\\/caoa-associacao-entre-agriao-e-genisteina-01.jpg\",\"@id\":\"https:\\\/\\\/www.formularium.com.br\\\/inform\\\/sedap\\\/associacao-entre-agriao-e-genisteina-no-clareamento-das-manchas-senis-nas-maos\\\/#mainImage\",\"width\":767,\"height\":365,\"caption\":\"Associa\\u00e7\\u00e3o Entre Agri\\u00e3o e Geniste\\u00edna no Clareamento das Manchas Senis nas M\\u00e3os\"},\"primaryImageOfPage\":{\"@id\":\"https:\\\/\\\/www.formularium.com.br\\\/inform\\\/sedap\\\/associacao-entre-agriao-e-genisteina-no-clareamento-das-manchas-senis-nas-maos\\\/#mainImage\"},\"datePublished\":\"2019-08-22T10:21:41-03:00\",\"dateModified\":\"2020-07-23T21:21:42-03:00\"},{\"@type\":\"WebSite\",\"@id\":\"https:\\\/\\\/www.formularium.com.br\\\/inform\\\/#website\",\"url\":\"https:\\\/\\\/www.formularium.com.br\\\/inform\\\/\",\"name\":\"Blog Pharm\\u00e1cia de Manipula\\u00e7\\u00e3o Formularium\",\"alternateName\":\"Formularium\",\"description\":\"Blog Pharm\\u00e1cia de Manipula\\u00e7\\u00e3o Formularium\",\"inLanguage\":\"pt-BR\",\"publisher\":{\"@id\":\"https:\\\/\\\/www.formularium.com.br\\\/inform\\\/#organization\"}}]}\n\t\t<\/script>\n\t\t<!-- All in One SEO -->\n\n","aioseo_head_json":{"title":"Associa\u00e7\u00e3o Entre Agri\u00e3o e Geniste\u00edna no Clareamento das Manchas Senis nas M\u00e3os | Formularium","description":"Promove Redu\u00e7\u00e3o das Manchas e da Diferen\u00e7a Entre as \u00c1reas Hiperpigmentadas e Normais. Associa\u00e7\u00e3o Entre Agri\u00e3o e Geniste\u00edna. A\u00e7\u00e3o Clareadora sobre o Lentigo Senil","canonical_url":"https:\/\/www.formularium.com.br\/inform\/sedap\/associacao-entre-agriao-e-genisteina-no-clareamento-das-manchas-senis-nas-maos\/","robots":"max-image-preview:large","keywords":"manchas senis,agri\u00e3o,astaxantina,dermatologia,despigmenta\u00e7\u00e3o,filtro solar,geniste\u00edna,manchas,pele,prote\u00e7\u00e3o solar,red orange complex","webmasterTools":{"google-site-verification":"Zyo5oNy6UywuyfsRVUowfYJfRGYFaIU5dV7dEiliV0","miscellaneous":""},"schema":{"@context":"https:\/\/schema.org","@graph":[{"@type":"Article","@id":"https:\/\/www.formularium.com.br\/inform\/sedap\/associacao-entre-agriao-e-genisteina-no-clareamento-das-manchas-senis-nas-maos\/#article","name":"Associa\u00e7\u00e3o Entre Agri\u00e3o e Geniste\u00edna no Clareamento das Manchas Senis nas M\u00e3os | Formularium","headline":"Associa\u00e7\u00e3o Entre Agri\u00e3o e Geniste\u00edna no Clareamento das Manchas Senis nas M\u00e3os","author":{"@id":"https:\/\/www.formularium.com.br\/inform\/author\/admin\/#author"},"publisher":{"@id":"https:\/\/www.formularium.com.br\/inform\/#organization"},"image":{"@type":"ImageObject","url":"https:\/\/www.formularium.com.br\/inform\/wp-content\/uploads\/2019\/08\/caoa-associacao-entre-agriao-e-genisteina-01.jpg","width":767,"height":365,"caption":"Associa\u00e7\u00e3o Entre Agri\u00e3o e Geniste\u00edna no Clareamento das Manchas Senis nas M\u00e3os"},"datePublished":"2019-08-22T10:21:41-03:00","dateModified":"2020-07-23T21:21:42-03:00","inLanguage":"pt-BR","mainEntityOfPage":{"@id":"https:\/\/www.formularium.com.br\/inform\/sedap\/associacao-entre-agriao-e-genisteina-no-clareamento-das-manchas-senis-nas-maos\/#webpage"},"isPartOf":{"@id":"https:\/\/www.formularium.com.br\/inform\/sedap\/associacao-entre-agriao-e-genisteina-no-clareamento-das-manchas-senis-nas-maos\/#webpage"},"articleSection":"Dermatologia, SEDAP, Agri\u00e3o, Astaxantina, Dermatologia, Despigmenta\u00e7\u00e3o, Filtro Solar, Geniste\u00edna, Manchas, Pele, Prote\u00e7\u00e3o Solar, Red Orange Complex"},{"@type":"BreadcrumbList","@id":"https:\/\/www.formularium.com.br\/inform\/sedap\/associacao-entre-agriao-e-genisteina-no-clareamento-das-manchas-senis-nas-maos\/#breadcrumblist","itemListElement":[{"@type":"ListItem","@id":"https:\/\/www.formularium.com.br\/inform#listItem","position":1,"name":"Home","item":"https:\/\/www.formularium.com.br\/inform","nextItem":{"@type":"ListItem","@id":"https:\/\/www.formularium.com.br\/inform\/categoria\/sedap\/#listItem","name":"SEDAP"}},{"@type":"ListItem","@id":"https:\/\/www.formularium.com.br\/inform\/categoria\/sedap\/#listItem","position":2,"name":"SEDAP","item":"https:\/\/www.formularium.com.br\/inform\/categoria\/sedap\/","nextItem":{"@type":"ListItem","@id":"https:\/\/www.formularium.com.br\/inform\/categoria\/sedap\/dermatologia\/#listItem","name":"Dermatologia"},"previousItem":{"@type":"ListItem","@id":"https:\/\/www.formularium.com.br\/inform#listItem","name":"Home"}},{"@type":"ListItem","@id":"https:\/\/www.formularium.com.br\/inform\/categoria\/sedap\/dermatologia\/#listItem","position":3,"name":"Dermatologia","item":"https:\/\/www.formularium.com.br\/inform\/categoria\/sedap\/dermatologia\/","nextItem":{"@type":"ListItem","@id":"https:\/\/www.formularium.com.br\/inform\/sedap\/associacao-entre-agriao-e-genisteina-no-clareamento-das-manchas-senis-nas-maos\/#listItem","name":"Associa\u00e7\u00e3o Entre Agri\u00e3o e Geniste\u00edna no Clareamento das Manchas Senis nas M\u00e3os"},"previousItem":{"@type":"ListItem","@id":"https:\/\/www.formularium.com.br\/inform\/categoria\/sedap\/#listItem","name":"SEDAP"}},{"@type":"ListItem","@id":"https:\/\/www.formularium.com.br\/inform\/sedap\/associacao-entre-agriao-e-genisteina-no-clareamento-das-manchas-senis-nas-maos\/#listItem","position":4,"name":"Associa\u00e7\u00e3o Entre Agri\u00e3o e Geniste\u00edna no Clareamento das Manchas Senis nas M\u00e3os","previousItem":{"@type":"ListItem","@id":"https:\/\/www.formularium.com.br\/inform\/categoria\/sedap\/dermatologia\/#listItem","name":"Dermatologia"}}]},{"@type":"Organization","@id":"https:\/\/www.formularium.com.br\/inform\/#organization","name":"Pharm\u00e1cia de Manipula\u00e7\u00e3o Formularium","description":"Blog Pharm\u00e1cia de Manipula\u00e7\u00e3o Formularium","url":"https:\/\/www.formularium.com.br\/inform\/","telephone":"+551138194490","logo":{"@type":"ImageObject","url":"https:\/\/www.formularium.com.br\/inform\/wp-content\/uploads\/2013\/11\/logo@2x.png","@id":"https:\/\/www.formularium.com.br\/inform\/sedap\/associacao-entre-agriao-e-genisteina-no-clareamento-das-manchas-senis-nas-maos\/#organizationLogo","width":414,"height":140,"caption":"Formularium"},"image":{"@id":"https:\/\/www.formularium.com.br\/inform\/sedap\/associacao-entre-agriao-e-genisteina-no-clareamento-das-manchas-senis-nas-maos\/#organizationLogo"}},{"@type":"Person","@id":"https:\/\/www.formularium.com.br\/inform\/author\/admin\/#author","url":"https:\/\/www.formularium.com.br\/inform\/author\/admin\/","name":"admin"},{"@type":"WebPage","@id":"https:\/\/www.formularium.com.br\/inform\/sedap\/associacao-entre-agriao-e-genisteina-no-clareamento-das-manchas-senis-nas-maos\/#webpage","url":"https:\/\/www.formularium.com.br\/inform\/sedap\/associacao-entre-agriao-e-genisteina-no-clareamento-das-manchas-senis-nas-maos\/","name":"Associa\u00e7\u00e3o Entre Agri\u00e3o e Geniste\u00edna no Clareamento das Manchas Senis nas M\u00e3os | Formularium","description":"Promove Redu\u00e7\u00e3o das Manchas e da Diferen\u00e7a Entre as \u00c1reas Hiperpigmentadas e Normais. Associa\u00e7\u00e3o Entre Agri\u00e3o e Geniste\u00edna. A\u00e7\u00e3o Clareadora sobre o Lentigo Senil","inLanguage":"pt-BR","isPartOf":{"@id":"https:\/\/www.formularium.com.br\/inform\/#website"},"breadcrumb":{"@id":"https:\/\/www.formularium.com.br\/inform\/sedap\/associacao-entre-agriao-e-genisteina-no-clareamento-das-manchas-senis-nas-maos\/#breadcrumblist"},"author":{"@id":"https:\/\/www.formularium.com.br\/inform\/author\/admin\/#author"},"creator":{"@id":"https:\/\/www.formularium.com.br\/inform\/author\/admin\/#author"},"image":{"@type":"ImageObject","url":"https:\/\/www.formularium.com.br\/inform\/wp-content\/uploads\/2019\/08\/caoa-associacao-entre-agriao-e-genisteina-01.jpg","@id":"https:\/\/www.formularium.com.br\/inform\/sedap\/associacao-entre-agriao-e-genisteina-no-clareamento-das-manchas-senis-nas-maos\/#mainImage","width":767,"height":365,"caption":"Associa\u00e7\u00e3o Entre Agri\u00e3o e Geniste\u00edna no Clareamento das Manchas Senis nas M\u00e3os"},"primaryImageOfPage":{"@id":"https:\/\/www.formularium.com.br\/inform\/sedap\/associacao-entre-agriao-e-genisteina-no-clareamento-das-manchas-senis-nas-maos\/#mainImage"},"datePublished":"2019-08-22T10:21:41-03:00","dateModified":"2020-07-23T21:21:42-03:00"},{"@type":"WebSite","@id":"https:\/\/www.formularium.com.br\/inform\/#website","url":"https:\/\/www.formularium.com.br\/inform\/","name":"Blog Pharm\u00e1cia de Manipula\u00e7\u00e3o Formularium","alternateName":"Formularium","description":"Blog Pharm\u00e1cia de Manipula\u00e7\u00e3o Formularium","inLanguage":"pt-BR","publisher":{"@id":"https:\/\/www.formularium.com.br\/inform\/#organization"}}]},"og:locale":"pt_BR","og:site_name":"Blog Pharm\u00e1cia de Manipula\u00e7\u00e3o Formularium | Blog Pharm\u00e1cia de Manipula\u00e7\u00e3o Formularium","og:type":"article","og:title":"Associa\u00e7\u00e3o Entre Agri\u00e3o e Geniste\u00edna no Clareamento das Manchas Senis nas M\u00e3os | Formularium","og:description":"Promove Redu\u00e7\u00e3o das Manchas e da Diferen\u00e7a Entre as \u00c1reas Hiperpigmentadas e Normais. Associa\u00e7\u00e3o Entre Agri\u00e3o e Geniste\u00edna. A\u00e7\u00e3o Clareadora sobre o Lentigo Senil","og:url":"https:\/\/www.formularium.com.br\/inform\/sedap\/associacao-entre-agriao-e-genisteina-no-clareamento-das-manchas-senis-nas-maos\/","article:published_time":"2019-08-22T13:21:41+00:00","article:modified_time":"2020-07-24T00:21:42+00:00","twitter:card":"summary","twitter:title":"Associa\u00e7\u00e3o Entre Agri\u00e3o e Geniste\u00edna no Clareamento das Manchas Senis nas M\u00e3os | Formularium","twitter:description":"Promove Redu\u00e7\u00e3o das Manchas e da Diferen\u00e7a Entre as \u00c1reas Hiperpigmentadas e Normais. Associa\u00e7\u00e3o Entre Agri\u00e3o e Geniste\u00edna. A\u00e7\u00e3o Clareadora sobre o Lentigo Senil"},"aioseo_meta_data":{"post_id":"14032","title":"Associa\u00e7\u00e3o Entre Agri\u00e3o e Geniste\u00edna no Clareamento das Manchas Senis nas M\u00e3os | Formularium","description":"Promove Redu\u00e7\u00e3o das Manchas e da Diferen\u00e7a Entre as \u00c1reas Hiperpigmentadas e Normais. Associa\u00e7\u00e3o Entre Agri\u00e3o e Geniste\u00edna. A\u00e7\u00e3o Clareadora sobre o Lentigo Senil","keywords":[{"label":"Manchas Senis","value":"Manchas Senis"}],"keyphrases":null,"primary_term":null,"canonical_url":"","og_title":null,"og_description":null,"og_object_type":"default","og_image_type":"default","og_image_url":null,"og_image_width":null,"og_image_height":null,"og_image_custom_url":null,"og_image_custom_fields":null,"og_video":null,"og_custom_url":null,"og_article_section":null,"og_article_tags":null,"twitter_use_og":false,"twitter_card":"default","twitter_image_type":"default","twitter_image_url":null,"twitter_image_custom_url":null,"twitter_image_custom_fields":null,"twitter_title":null,"twitter_description":null,"schema":{"blockGraphs":[],"customGraphs":[],"default":{"data":{"Article":[],"Course":[],"Dataset":[],"FAQPage":[],"Movie":[],"Person":[],"Product":[],"ProductReview":[],"Car":[],"Recipe":[],"Service":[],"SoftwareApplication":[],"WebPage":[]},"graphName":"","isEnabled":true},"graphs":[],"defaultGraph":"","defaultPostTypeGraph":""},"schema_type":null,"schema_type_options":null,"pillar_content":false,"robots_default":true,"robots_noindex":false,"robots_noarchive":false,"robots_nosnippet":false,"robots_nofollow":false,"robots_noimageindex":false,"robots_noodp":false,"robots_notranslate":false,"robots_max_snippet":null,"robots_max_videopreview":null,"robots_max_imagepreview":"large","priority":null,"frequency":null,"location":null,"local_seo":null,"breadcrumb_settings":null,"limit_modified_date":false,"ai":null,"created":"2020-12-21 12:38:43","updated":"2025-06-11 20:54:25","seo_analyzer_scan_date":null},"_links":{"self":[{"href":"https:\/\/www.formularium.com.br\/inform\/wp-json\/wp\/v2\/posts\/14032","targetHints":{"allow":["GET"]}}],"collection":[{"href":"https:\/\/www.formularium.com.br\/inform\/wp-json\/wp\/v2\/posts"}],"about":[{"href":"https:\/\/www.formularium.com.br\/inform\/wp-json\/wp\/v2\/types\/post"}],"author":[{"embeddable":true,"href":"https:\/\/www.formularium.com.br\/inform\/wp-json\/wp\/v2\/users\/1"}],"replies":[{"embeddable":true,"href":"https:\/\/www.formularium.com.br\/inform\/wp-json\/wp\/v2\/comments?post=14032"}],"version-history":[{"count":0,"href":"https:\/\/www.formularium.com.br\/inform\/wp-json\/wp\/v2\/posts\/14032\/revisions"}],"wp:featuredmedia":[{"embeddable":true,"href":"https:\/\/www.formularium.com.br\/inform\/wp-json\/wp\/v2\/media\/14037"}],"wp:attachment":[{"href":"https:\/\/www.formularium.com.br\/inform\/wp-json\/wp\/v2\/media?parent=14032"}],"wp:term":[{"taxonomy":"category","embeddable":true,"href":"https:\/\/www.formularium.com.br\/inform\/wp-json\/wp\/v2\/categories?post=14032"},{"taxonomy":"post_tag","embeddable":true,"href":"https:\/\/www.formularium.com.br\/inform\/wp-json\/wp\/v2\/tags?post=14032"}],"curies":[{"name":"wp","href":"https:\/\/api.w.org\/{rel}","templated":true}]}}